{"id":1968,"date":"2025-12-22T15:10:20","date_gmt":"2025-12-22T15:10:20","guid":{"rendered":"https:\/\/pemaejetes.org.al\/?p=1968"},"modified":"2025-12-22T15:10:29","modified_gmt":"2025-12-22T15:10:29","slug":"evis-sala-rikthimi-ne-shqiperi-per-te-ndertuar-nje-shendetesi-moderne-dhe-te-drejte","status":"publish","type":"post","link":"https:\/\/pemaejetes.org.al\/index.php\/2025\/12\/22\/evis-sala-rikthimi-ne-shqiperi-per-te-ndertuar-nje-shendetesi-moderne-dhe-te-drejte\/","title":{"rendered":"Evis Sala: Rikthimi n\u00eb Shqip\u00ebri p\u00ebr t\u00eb nd\u00ebrtuar nj\u00eb sh\u00ebndet\u00ebsi moderne dhe t\u00eb drejt\u00eb"},"content":{"rendered":"\n<p>Rikthimi n\u00eb Shqip\u00ebri i <strong>Evis Sala<\/strong>, Ministre e Sh\u00ebndet\u00ebsis\u00eb dhe Mbrojtjes Sociale, p\u00ebrfaq\u00ebson m\u00eb shum\u00eb se nj\u00eb ndryshim pozicioni profesional. Ai \u00ebsht\u00eb nj\u00eb kthim me mision, i nd\u00ebrtuar mbi nj\u00eb karrier\u00eb gati tredekad\u00ebshe n\u00eb qendrat m\u00eb t\u00eb avancuara t\u00eb mjek\u00ebsis\u00eb bot\u00ebrore dhe mbi nj\u00eb vizion t\u00eb qart\u00eb p\u00ebr reformimin e sistemit sh\u00ebndet\u00ebsor shqiptar. Ky artikull bazohet n\u00eb intervist\u00ebn e saj t\u00eb botuar nga <strong>OncoDaily Magazine<\/strong>, n\u00eb kuad\u00ebr t\u00eb rubrik\u00ebs <em>World Health Voices<\/em>.<\/p>\n\n\n\n<figure class=\"wp-block-image size-full\"><img fetchpriority=\"high\" decoding=\"async\" width=\"1020\" height=\"575\" src=\"https:\/\/pemaejetes.org.al\/wp-content\/uploads\/2025\/12\/01.jpg\" alt=\"\" class=\"wp-image-1969\" srcset=\"https:\/\/pemaejetes.org.al\/wp-content\/uploads\/2025\/12\/01.jpg 1020w, https:\/\/pemaejetes.org.al\/wp-content\/uploads\/2025\/12\/01-300x169.jpg 300w, https:\/\/pemaejetes.org.al\/wp-content\/uploads\/2025\/12\/01-768x433.jpg 768w\" sizes=\"(max-width: 1020px) 100vw, 1020px\" \/><\/figure>\n\n\n\n<p>Q\u00eb n\u00eb fillimet e saj, mjek\u00ebsia p\u00ebr Evis Sal\u00ebn nuk ka qen\u00eb thjesht profesion, por thirrje. E rritur dhe e formuar n\u00eb nj\u00eb Shqip\u00ebri krejt ndryshe nga ajo e sotmja, ajo zgjodhi mjek\u00ebsin\u00eb me bindjen se p\u00ebrmes saj mund t\u00eb ndikonte realisht n\u00eb jet\u00ebn e njer\u00ebzve. Kontakti me pacientin, puna n\u00eb ekip dhe komunikimi njer\u00ebzor jan\u00eb elemente q\u00eb, sipas saj, sh\u00ebrojn\u00eb po aq sa teknologjia dhe barnat. \u201cSh\u00ebndeti \u00ebsht\u00eb holistik\u201d, thekson ajo, duke n\u00ebnvizuar se kujdesi sh\u00ebndet\u00ebsor nuk \u00ebsht\u00eb vet\u00ebm trajtim, por edhe marr\u00ebdh\u00ebnie dhe besim.<\/p>\n\n\n\n<p>Pas studimeve n\u00eb Universitetin e Tiran\u00ebs dhe nj\u00eb formimi fillestar n\u00eb kirurgji t\u00eb p\u00ebrgjithshme, orientimi i saj profesional ndryshoi me p\u00ebrfshirjen n\u00eb epidemiologji dhe biostatistik\u00eb, si dhe me kontributin n\u00eb hapat e par\u00eb t\u00eb regjistrit t\u00eb kancerit n\u00eb Shqip\u00ebri n\u00eb vitin 1996. Ky moment u b\u00eb pik\u00ebnisje p\u00ebr nj\u00eb rrug\u00ebtim akademik dhe shkencor n\u00eb <strong>University of Cambridge<\/strong>, ku ajo p\u00ebrfundoi studimet pasuniversitare dhe doktoratur\u00ebn mbi kancerin e gjirit, duke analizuar faktor\u00eb gjenetik\u00eb, stil jete dhe mjedisor\u00eb. Pik\u00ebrisht aty u hodh\u00ebn bazat e interesit t\u00eb saj p\u00ebr imazherin\u00eb mjek\u00ebsore dhe p\u00ebr p\u00ebrdorimin e analizave kompjuterike, nj\u00eb fush\u00eb q\u00eb sot lidhet ngusht\u00eb me inteligjenc\u00ebn artificiale n\u00eb mjek\u00ebsi.<\/p>\n\n\n\n<p>Karriera e Prof. Sala-s u zgjerua m\u00eb tej n\u00eb institucione elitare si <strong>Memorial Sloan Kettering Cancer Center<\/strong> n\u00eb SHBA dhe m\u00eb pas n\u00eb role akademike dhe drejtuese n\u00eb Cambridge dhe n\u00eb Rom\u00eb, n\u00eb <strong>Policlinico Gemelli<\/strong>, ku ajo drejtoi struktura t\u00eb m\u00ebdha diagnostike dhe klinike. P\u00ebrvoja e saj nd\u00ebrkomb\u00ebtare u nd\u00ebrtua gjithmon\u00eb mbi pun\u00ebn multidisiplinare, integrimin e imazheris\u00eb, onkologjis\u00eb, gjenomik\u00ebs dhe t\u00eb dh\u00ebnave klinike, si dhe mbi bindjen se inovacioni ka vler\u00eb vet\u00ebm kur p\u00ebrkthehet n\u00eb p\u00ebrfitim konkret p\u00ebr pacientin.<\/p>\n\n\n\n<p>N\u00eb rolin e Ministres s\u00eb Sh\u00ebndet\u00ebsis\u00eb dhe Mbrojtjes Sociale, Evis Sala ka zgjedhur nj\u00eb qasje realiste dhe t\u00eb fokusuar. Ajo ka p\u00ebrcaktuar tre shtylla kryesore reforme: onkologjin\u00eb, diagnostik\u00ebn e unifikuar dhe integrimin dixhital me inteligjenc\u00eb artificiale. N\u00eb qend\u00ebr t\u00eb vizionit t\u00eb saj q\u00ebndron nd\u00ebrtimi i nj\u00eb Rrjeti Komb\u00ebtar t\u00eb Kancerit, me nj\u00eb Institut Onkologjik n\u00eb Tiran\u00eb si bosht koordinues, por me sh\u00ebrbime t\u00eb decentralizuara, n\u00eb m\u00ebnyr\u00eb q\u00eb kujdesi t\u00eb shkoj\u00eb sa m\u00eb pran\u00eb pacientit. Standardizimi i protokolleve, p\u00ebrmir\u00ebsimi i aksesit dhe nd\u00ebrtimi i kapaciteteve p\u00ebr prova klinike jan\u00eb pjes\u00eb e k\u00ebsaj strategjie afatmesme.<\/p>\n\n\n\n<p>Diagnostika p\u00ebrb\u00ebn shtyll\u00ebn e dyt\u00eb t\u00eb reform\u00ebs. Duke u nisur nga p\u00ebrvoja e saj n\u00eb nd\u00ebrtimin e sistemeve diagnostike n\u00eb vende t\u00eb ndryshme, Prof. Sala synon krijimin e nj\u00eb sistemi t\u00eb integruar komb\u00ebtar, q\u00eb shmang p\u00ebrs\u00ebritjet e panevojshme, rrit efikasitetin dhe p\u00ebrmir\u00ebson cil\u00ebsin\u00eb e vendimmarrjes klinike. P\u00ebr nj\u00eb vend me p\u00ebrmasa si Shqip\u00ebria, ajo e sheh k\u00ebt\u00eb si nj\u00eb objektiv t\u00eb arritsh\u00ebm dhe me ndikim t\u00eb drejtp\u00ebrdrejt\u00eb te pacient\u00ebt.<\/p>\n\n\n\n<p>Shtylla e tret\u00eb lidhet me dixhitalizimin dhe inteligjenc\u00ebn artificiale. Sipas saj, AI nuk \u00ebsht\u00eb nj\u00eb k\u00ebrc\u00ebnim p\u00ebr mjekun, por nj\u00eb mjet q\u00eb e \u00e7liron nga detyrat monotone dhe e ndihmon t\u00eb p\u00ebrqendrohet te interpretimi dhe kujdesi i personalizuar. Ajo \u00ebsht\u00eb e qart\u00eb n\u00eb mesazhin e saj: inteligjenca artificiale nuk do ta z\u00ebvend\u00ebsoj\u00eb radiologun apo mjekun, por do ta z\u00ebvend\u00ebsoj\u00eb profesionistin q\u00eb nuk di ose nuk pranon ta p\u00ebrdor\u00eb at\u00eb. Ky integrim, megjithat\u00eb, duhet t\u00eb b\u00ebhet gjithmon\u00eb n\u00eb bashk\u00ebpunim t\u00eb ngusht\u00eb me klinik\u00ebn, p\u00ebrndryshe mbetet vet\u00ebm teori pa ndikim real.<\/p>\n\n\n\n<p>N\u00eb thelb, vizioni i Evis Sala-s synon nj\u00eb sh\u00ebndet\u00ebsi m\u00eb t\u00eb drejt\u00eb, m\u00eb t\u00eb organizuar dhe m\u00eb pran\u00eb qytetarit. Nj\u00eb sistem ku pacient\u00ebt p\u00ebrfitojn\u00eb diagnostik\u00eb m\u00eb t\u00eb shpejt\u00eb dhe m\u00eb t\u00eb sakt\u00eb, trajtime t\u00eb standardizuara dhe akses m\u00eb t\u00eb barabart\u00eb, pavar\u00ebsisht vendbanimit. Rikthimi i saj n\u00eb Shqip\u00ebri nuk \u00ebsht\u00eb thjesht nj\u00eb kapitull i ri personal, por nj\u00eb p\u00ebrpjekje p\u00ebr t\u00eb kthyer p\u00ebrvoj\u00ebn nd\u00ebrkomb\u00ebtare n\u00eb vler\u00eb konkrete p\u00ebr pacient\u00ebt shqiptar\u00eb dhe p\u00ebr t\u00eb ardhmen e sistemit sh\u00ebndet\u00ebsor n\u00eb vend.<\/p>\n\n\n\n<p><em>Artikull i p\u00ebrgatitur p\u00ebr <a href=\"http:\/\/www.pemaejetes.org.al\">www.pemaejetes.org.al<\/a>, bazuar n\u00eb intervist\u00ebn \u201cEvis Sala: Returning Home to Transform Healthcare\u201d, botuar nga OncoDaily Magazine.<\/em><\/p>\n\n\n\n<p><\/p>\n","protected":false},"excerpt":{"rendered":"<p>Rikthimi n\u00eb Shqip\u00ebri i Evis Sala, Ministre e Sh\u00ebndet\u00ebsis\u00eb dhe Mbrojtjes Sociale, p\u00ebrfaq\u00ebson m\u00eb shum\u00eb se nj\u00eb ndryshim pozicioni profesional. Ai \u00ebsht\u00eb nj\u00eb kthim me mision, i nd\u00ebrtuar mbi nj\u00eb karrier\u00eb gati tredekad\u00ebshe n\u00eb qendrat m\u00eb t\u00eb avancuara t\u00eb mjek\u00ebsis\u00eb bot\u00ebrore dhe mbi nj\u00eb vizion t\u00eb qart\u00eb p\u00ebr reformimin e sistemit sh\u00ebndet\u00ebsor shqiptar. Ky artikull [&hellip;]<\/p>\n","protected":false},"author":2,"featured_media":1969,"comment_status":"open","ping_status":"open","sticky":false,"template":"","format":"standard","meta":{"footnotes":""},"categories":[37,34],"tags":[],"class_list":["post-1968","post","type-post","status-publish","format-standard","has-post-thumbnail","hentry","category-lajme","category-publikime"],"acf":[],"yoast_head":"<!-- This site is optimized with the Yoast SEO plugin v22.6 - https:\/\/yoast.com\/wordpress\/plugins\/seo\/ -->\n<title>Evis Sala: Rikthimi n\u00eb Shqip\u00ebri p\u00ebr t\u00eb nd\u00ebrtuar nj\u00eb sh\u00ebndet\u00ebsi moderne dhe t\u00eb drejt\u00eb - Pema e Jetes<\/title>\n<meta name=\"robots\" content=\"index, follow, max-snippet:-1, max-image-preview:large, max-video-preview:-1\" \/>\n<link rel=\"canonical\" href=\"http:\/\/pemaejetes.org.al\/index.php\/2025\/12\/22\/evis-sala-rikthimi-ne-shqiperi-per-te-ndertuar-nje-shendetesi-moderne-dhe-te-drejte\/\" \/>\n<meta property=\"og:locale\" content=\"en_US\" \/>\n<meta property=\"og:type\" content=\"article\" \/>\n<meta property=\"og:title\" content=\"Evis Sala: Rikthimi n\u00eb Shqip\u00ebri p\u00ebr t\u00eb nd\u00ebrtuar nj\u00eb sh\u00ebndet\u00ebsi moderne dhe t\u00eb drejt\u00eb - Pema e Jetes\" \/>\n<meta property=\"og:description\" content=\"Rikthimi n\u00eb Shqip\u00ebri i Evis Sala, Ministre e Sh\u00ebndet\u00ebsis\u00eb dhe Mbrojtjes Sociale, p\u00ebrfaq\u00ebson m\u00eb shum\u00eb se nj\u00eb ndryshim pozicioni profesional. Ai \u00ebsht\u00eb nj\u00eb kthim me mision, i nd\u00ebrtuar mbi nj\u00eb karrier\u00eb gati tredekad\u00ebshe n\u00eb qendrat m\u00eb t\u00eb avancuara t\u00eb mjek\u00ebsis\u00eb bot\u00ebrore dhe mbi nj\u00eb vizion t\u00eb qart\u00eb p\u00ebr reformimin e sistemit sh\u00ebndet\u00ebsor shqiptar. Ky artikull [&hellip;]\" \/>\n<meta property=\"og:url\" content=\"http:\/\/pemaejetes.org.al\/index.php\/2025\/12\/22\/evis-sala-rikthimi-ne-shqiperi-per-te-ndertuar-nje-shendetesi-moderne-dhe-te-drejte\/\" \/>\n<meta property=\"og:site_name\" content=\"Pema e Jetes\" \/>\n<meta property=\"article:published_time\" content=\"2025-12-22T15:10:20+00:00\" \/>\n<meta property=\"article:modified_time\" content=\"2025-12-22T15:10:29+00:00\" \/>\n<meta property=\"og:image\" content=\"http:\/\/pemaejetes.org.al\/wp-content\/uploads\/2025\/12\/01.jpg\" \/>\n\t<meta property=\"og:image:width\" content=\"1020\" \/>\n\t<meta property=\"og:image:height\" content=\"575\" \/>\n\t<meta property=\"og:image:type\" content=\"image\/jpeg\" \/>\n<meta name=\"author\" content=\"tanush\" \/>\n<meta name=\"twitter:card\" content=\"summary_large_image\" \/>\n<meta name=\"twitter:label1\" content=\"Written by\" \/>\n\t<meta name=\"twitter:data1\" content=\"tanush\" \/>\n\t<meta name=\"twitter:label2\" content=\"Est. reading time\" \/>\n\t<meta name=\"twitter:data2\" content=\"4 minutes\" \/>\n<script type=\"application\/ld+json\" class=\"yoast-schema-graph\">{\"@context\":\"https:\/\/schema.org\",\"@graph\":[{\"@type\":\"Article\",\"@id\":\"http:\/\/pemaejetes.org.al\/index.php\/2025\/12\/22\/evis-sala-rikthimi-ne-shqiperi-per-te-ndertuar-nje-shendetesi-moderne-dhe-te-drejte\/#article\",\"isPartOf\":{\"@id\":\"http:\/\/pemaejetes.org.al\/index.php\/2025\/12\/22\/evis-sala-rikthimi-ne-shqiperi-per-te-ndertuar-nje-shendetesi-moderne-dhe-te-drejte\/\"},\"author\":{\"name\":\"tanush\",\"@id\":\"https:\/\/pemaejetes.org.al\/#\/schema\/person\/f43267b87a28efb96abe2bc4fb24765f\"},\"headline\":\"Evis Sala: Rikthimi n\u00eb Shqip\u00ebri p\u00ebr t\u00eb nd\u00ebrtuar nj\u00eb sh\u00ebndet\u00ebsi moderne dhe t\u00eb drejt\u00eb\",\"datePublished\":\"2025-12-22T15:10:20+00:00\",\"dateModified\":\"2025-12-22T15:10:29+00:00\",\"mainEntityOfPage\":{\"@id\":\"http:\/\/pemaejetes.org.al\/index.php\/2025\/12\/22\/evis-sala-rikthimi-ne-shqiperi-per-te-ndertuar-nje-shendetesi-moderne-dhe-te-drejte\/\"},\"wordCount\":841,\"commentCount\":0,\"publisher\":{\"@id\":\"https:\/\/pemaejetes.org.al\/#organization\"},\"image\":{\"@id\":\"http:\/\/pemaejetes.org.al\/index.php\/2025\/12\/22\/evis-sala-rikthimi-ne-shqiperi-per-te-ndertuar-nje-shendetesi-moderne-dhe-te-drejte\/#primaryimage\"},\"thumbnailUrl\":\"https:\/\/pemaejetes.org.al\/wp-content\/uploads\/2025\/12\/01.jpg\",\"articleSection\":[\"Lajme\",\"Publikime\"],\"inLanguage\":\"en-US\",\"potentialAction\":[{\"@type\":\"CommentAction\",\"name\":\"Comment\",\"target\":[\"http:\/\/pemaejetes.org.al\/index.php\/2025\/12\/22\/evis-sala-rikthimi-ne-shqiperi-per-te-ndertuar-nje-shendetesi-moderne-dhe-te-drejte\/#respond\"]}]},{\"@type\":\"WebPage\",\"@id\":\"http:\/\/pemaejetes.org.al\/index.php\/2025\/12\/22\/evis-sala-rikthimi-ne-shqiperi-per-te-ndertuar-nje-shendetesi-moderne-dhe-te-drejte\/\",\"url\":\"http:\/\/pemaejetes.org.al\/index.php\/2025\/12\/22\/evis-sala-rikthimi-ne-shqiperi-per-te-ndertuar-nje-shendetesi-moderne-dhe-te-drejte\/\",\"name\":\"Evis Sala: Rikthimi n\u00eb Shqip\u00ebri p\u00ebr t\u00eb nd\u00ebrtuar nj\u00eb sh\u00ebndet\u00ebsi moderne dhe t\u00eb drejt\u00eb - Pema e Jetes\",\"isPartOf\":{\"@id\":\"https:\/\/pemaejetes.org.al\/#website\"},\"primaryImageOfPage\":{\"@id\":\"http:\/\/pemaejetes.org.al\/index.php\/2025\/12\/22\/evis-sala-rikthimi-ne-shqiperi-per-te-ndertuar-nje-shendetesi-moderne-dhe-te-drejte\/#primaryimage\"},\"image\":{\"@id\":\"http:\/\/pemaejetes.org.al\/index.php\/2025\/12\/22\/evis-sala-rikthimi-ne-shqiperi-per-te-ndertuar-nje-shendetesi-moderne-dhe-te-drejte\/#primaryimage\"},\"thumbnailUrl\":\"https:\/\/pemaejetes.org.al\/wp-content\/uploads\/2025\/12\/01.jpg\",\"datePublished\":\"2025-12-22T15:10:20+00:00\",\"dateModified\":\"2025-12-22T15:10:29+00:00\",\"breadcrumb\":{\"@id\":\"http:\/\/pemaejetes.org.al\/index.php\/2025\/12\/22\/evis-sala-rikthimi-ne-shqiperi-per-te-ndertuar-nje-shendetesi-moderne-dhe-te-drejte\/#breadcrumb\"},\"inLanguage\":\"en-US\",\"potentialAction\":[{\"@type\":\"ReadAction\",\"target\":[\"http:\/\/pemaejetes.org.al\/index.php\/2025\/12\/22\/evis-sala-rikthimi-ne-shqiperi-per-te-ndertuar-nje-shendetesi-moderne-dhe-te-drejte\/\"]}]},{\"@type\":\"ImageObject\",\"inLanguage\":\"en-US\",\"@id\":\"http:\/\/pemaejetes.org.al\/index.php\/2025\/12\/22\/evis-sala-rikthimi-ne-shqiperi-per-te-ndertuar-nje-shendetesi-moderne-dhe-te-drejte\/#primaryimage\",\"url\":\"https:\/\/pemaejetes.org.al\/wp-content\/uploads\/2025\/12\/01.jpg\",\"contentUrl\":\"https:\/\/pemaejetes.org.al\/wp-content\/uploads\/2025\/12\/01.jpg\",\"width\":1020,\"height\":575},{\"@type\":\"BreadcrumbList\",\"@id\":\"http:\/\/pemaejetes.org.al\/index.php\/2025\/12\/22\/evis-sala-rikthimi-ne-shqiperi-per-te-ndertuar-nje-shendetesi-moderne-dhe-te-drejte\/#breadcrumb\",\"itemListElement\":[{\"@type\":\"ListItem\",\"position\":1,\"name\":\"Home\",\"item\":\"https:\/\/pemaejetes.org.al\/\"},{\"@type\":\"ListItem\",\"position\":2,\"name\":\"Evis Sala: Rikthimi n\u00eb Shqip\u00ebri p\u00ebr t\u00eb nd\u00ebrtuar nj\u00eb sh\u00ebndet\u00ebsi moderne dhe t\u00eb drejt\u00eb\"}]},{\"@type\":\"WebSite\",\"@id\":\"https:\/\/pemaejetes.org.al\/#website\",\"url\":\"https:\/\/pemaejetes.org.al\/\",\"name\":\"Pema e Jetes\",\"description\":\"\",\"publisher\":{\"@id\":\"https:\/\/pemaejetes.org.al\/#organization\"},\"potentialAction\":[{\"@type\":\"SearchAction\",\"target\":{\"@type\":\"EntryPoint\",\"urlTemplate\":\"https:\/\/pemaejetes.org.al\/?s={search_term_string}\"},\"query-input\":\"required name=search_term_string\"}],\"inLanguage\":\"en-US\"},{\"@type\":\"Organization\",\"@id\":\"https:\/\/pemaejetes.org.al\/#organization\",\"name\":\"Pema e Jetes\",\"url\":\"https:\/\/pemaejetes.org.al\/\",\"logo\":{\"@type\":\"ImageObject\",\"inLanguage\":\"en-US\",\"@id\":\"https:\/\/pemaejetes.org.al\/#\/schema\/logo\/image\/\",\"url\":\"https:\/\/pemaejetes.org.al\/wp-content\/uploads\/2024\/04\/LOGO-Pema-e-Jetes-pdf_page-0002-e1712155546269.jpg\",\"contentUrl\":\"https:\/\/pemaejetes.org.al\/wp-content\/uploads\/2024\/04\/LOGO-Pema-e-Jetes-pdf_page-0002-e1712155546269.jpg\",\"width\":657,\"height\":610,\"caption\":\"Pema e Jetes\"},\"image\":{\"@id\":\"https:\/\/pemaejetes.org.al\/#\/schema\/logo\/image\/\"}},{\"@type\":\"Person\",\"@id\":\"https:\/\/pemaejetes.org.al\/#\/schema\/person\/f43267b87a28efb96abe2bc4fb24765f\",\"name\":\"tanush\",\"image\":{\"@type\":\"ImageObject\",\"inLanguage\":\"en-US\",\"@id\":\"https:\/\/pemaejetes.org.al\/#\/schema\/person\/image\/\",\"url\":\"https:\/\/secure.gravatar.com\/avatar\/cfff3955b0540a7ed2610199edb9af73346f24ea7da14acd540360d8502797ce?s=96&d=mm&r=g\",\"contentUrl\":\"https:\/\/secure.gravatar.com\/avatar\/cfff3955b0540a7ed2610199edb9af73346f24ea7da14acd540360d8502797ce?s=96&d=mm&r=g\",\"caption\":\"tanush\"},\"url\":\"https:\/\/pemaejetes.org.al\/index.php\/author\/tanush\/\"}]}<\/script>\n<!-- \/ Yoast SEO plugin. -->","yoast_head_json":{"title":"Evis Sala: Rikthimi n\u00eb Shqip\u00ebri p\u00ebr t\u00eb nd\u00ebrtuar nj\u00eb sh\u00ebndet\u00ebsi moderne dhe t\u00eb drejt\u00eb - Pema e Jetes","robots":{"index":"index","follow":"follow","max-snippet":"max-snippet:-1","max-image-preview":"max-image-preview:large","max-video-preview":"max-video-preview:-1"},"canonical":"http:\/\/pemaejetes.org.al\/index.php\/2025\/12\/22\/evis-sala-rikthimi-ne-shqiperi-per-te-ndertuar-nje-shendetesi-moderne-dhe-te-drejte\/","og_locale":"en_US","og_type":"article","og_title":"Evis Sala: Rikthimi n\u00eb Shqip\u00ebri p\u00ebr t\u00eb nd\u00ebrtuar nj\u00eb sh\u00ebndet\u00ebsi moderne dhe t\u00eb drejt\u00eb - Pema e Jetes","og_description":"Rikthimi n\u00eb Shqip\u00ebri i Evis Sala, Ministre e Sh\u00ebndet\u00ebsis\u00eb dhe Mbrojtjes Sociale, p\u00ebrfaq\u00ebson m\u00eb shum\u00eb se nj\u00eb ndryshim pozicioni profesional. Ai \u00ebsht\u00eb nj\u00eb kthim me mision, i nd\u00ebrtuar mbi nj\u00eb karrier\u00eb gati tredekad\u00ebshe n\u00eb qendrat m\u00eb t\u00eb avancuara t\u00eb mjek\u00ebsis\u00eb bot\u00ebrore dhe mbi nj\u00eb vizion t\u00eb qart\u00eb p\u00ebr reformimin e sistemit sh\u00ebndet\u00ebsor shqiptar. Ky artikull [&hellip;]","og_url":"http:\/\/pemaejetes.org.al\/index.php\/2025\/12\/22\/evis-sala-rikthimi-ne-shqiperi-per-te-ndertuar-nje-shendetesi-moderne-dhe-te-drejte\/","og_site_name":"Pema e Jetes","article_published_time":"2025-12-22T15:10:20+00:00","article_modified_time":"2025-12-22T15:10:29+00:00","og_image":[{"width":1020,"height":575,"url":"http:\/\/pemaejetes.org.al\/wp-content\/uploads\/2025\/12\/01.jpg","type":"image\/jpeg"}],"author":"tanush","twitter_card":"summary_large_image","twitter_misc":{"Written by":"tanush","Est. reading time":"4 minutes"},"schema":{"@context":"https:\/\/schema.org","@graph":[{"@type":"Article","@id":"http:\/\/pemaejetes.org.al\/index.php\/2025\/12\/22\/evis-sala-rikthimi-ne-shqiperi-per-te-ndertuar-nje-shendetesi-moderne-dhe-te-drejte\/#article","isPartOf":{"@id":"http:\/\/pemaejetes.org.al\/index.php\/2025\/12\/22\/evis-sala-rikthimi-ne-shqiperi-per-te-ndertuar-nje-shendetesi-moderne-dhe-te-drejte\/"},"author":{"name":"tanush","@id":"https:\/\/pemaejetes.org.al\/#\/schema\/person\/f43267b87a28efb96abe2bc4fb24765f"},"headline":"Evis Sala: Rikthimi n\u00eb Shqip\u00ebri p\u00ebr t\u00eb nd\u00ebrtuar nj\u00eb sh\u00ebndet\u00ebsi moderne dhe t\u00eb drejt\u00eb","datePublished":"2025-12-22T15:10:20+00:00","dateModified":"2025-12-22T15:10:29+00:00","mainEntityOfPage":{"@id":"http:\/\/pemaejetes.org.al\/index.php\/2025\/12\/22\/evis-sala-rikthimi-ne-shqiperi-per-te-ndertuar-nje-shendetesi-moderne-dhe-te-drejte\/"},"wordCount":841,"commentCount":0,"publisher":{"@id":"https:\/\/pemaejetes.org.al\/#organization"},"image":{"@id":"http:\/\/pemaejetes.org.al\/index.php\/2025\/12\/22\/evis-sala-rikthimi-ne-shqiperi-per-te-ndertuar-nje-shendetesi-moderne-dhe-te-drejte\/#primaryimage"},"thumbnailUrl":"https:\/\/pemaejetes.org.al\/wp-content\/uploads\/2025\/12\/01.jpg","articleSection":["Lajme","Publikime"],"inLanguage":"en-US","potentialAction":[{"@type":"CommentAction","name":"Comment","target":["http:\/\/pemaejetes.org.al\/index.php\/2025\/12\/22\/evis-sala-rikthimi-ne-shqiperi-per-te-ndertuar-nje-shendetesi-moderne-dhe-te-drejte\/#respond"]}]},{"@type":"WebPage","@id":"http:\/\/pemaejetes.org.al\/index.php\/2025\/12\/22\/evis-sala-rikthimi-ne-shqiperi-per-te-ndertuar-nje-shendetesi-moderne-dhe-te-drejte\/","url":"http:\/\/pemaejetes.org.al\/index.php\/2025\/12\/22\/evis-sala-rikthimi-ne-shqiperi-per-te-ndertuar-nje-shendetesi-moderne-dhe-te-drejte\/","name":"Evis Sala: Rikthimi n\u00eb Shqip\u00ebri p\u00ebr t\u00eb nd\u00ebrtuar nj\u00eb sh\u00ebndet\u00ebsi moderne dhe t\u00eb drejt\u00eb - Pema e Jetes","isPartOf":{"@id":"https:\/\/pemaejetes.org.al\/#website"},"primaryImageOfPage":{"@id":"http:\/\/pemaejetes.org.al\/index.php\/2025\/12\/22\/evis-sala-rikthimi-ne-shqiperi-per-te-ndertuar-nje-shendetesi-moderne-dhe-te-drejte\/#primaryimage"},"image":{"@id":"http:\/\/pemaejetes.org.al\/index.php\/2025\/12\/22\/evis-sala-rikthimi-ne-shqiperi-per-te-ndertuar-nje-shendetesi-moderne-dhe-te-drejte\/#primaryimage"},"thumbnailUrl":"https:\/\/pemaejetes.org.al\/wp-content\/uploads\/2025\/12\/01.jpg","datePublished":"2025-12-22T15:10:20+00:00","dateModified":"2025-12-22T15:10:29+00:00","breadcrumb":{"@id":"http:\/\/pemaejetes.org.al\/index.php\/2025\/12\/22\/evis-sala-rikthimi-ne-shqiperi-per-te-ndertuar-nje-shendetesi-moderne-dhe-te-drejte\/#breadcrumb"},"inLanguage":"en-US","potentialAction":[{"@type":"ReadAction","target":["http:\/\/pemaejetes.org.al\/index.php\/2025\/12\/22\/evis-sala-rikthimi-ne-shqiperi-per-te-ndertuar-nje-shendetesi-moderne-dhe-te-drejte\/"]}]},{"@type":"ImageObject","inLanguage":"en-US","@id":"http:\/\/pemaejetes.org.al\/index.php\/2025\/12\/22\/evis-sala-rikthimi-ne-shqiperi-per-te-ndertuar-nje-shendetesi-moderne-dhe-te-drejte\/#primaryimage","url":"https:\/\/pemaejetes.org.al\/wp-content\/uploads\/2025\/12\/01.jpg","contentUrl":"https:\/\/pemaejetes.org.al\/wp-content\/uploads\/2025\/12\/01.jpg","width":1020,"height":575},{"@type":"BreadcrumbList","@id":"http:\/\/pemaejetes.org.al\/index.php\/2025\/12\/22\/evis-sala-rikthimi-ne-shqiperi-per-te-ndertuar-nje-shendetesi-moderne-dhe-te-drejte\/#breadcrumb","itemListElement":[{"@type":"ListItem","position":1,"name":"Home","item":"https:\/\/pemaejetes.org.al\/"},{"@type":"ListItem","position":2,"name":"Evis Sala: Rikthimi n\u00eb Shqip\u00ebri p\u00ebr t\u00eb nd\u00ebrtuar nj\u00eb sh\u00ebndet\u00ebsi moderne dhe t\u00eb drejt\u00eb"}]},{"@type":"WebSite","@id":"https:\/\/pemaejetes.org.al\/#website","url":"https:\/\/pemaejetes.org.al\/","name":"Pema e Jetes","description":"","publisher":{"@id":"https:\/\/pemaejetes.org.al\/#organization"},"potentialAction":[{"@type":"SearchAction","target":{"@type":"EntryPoint","urlTemplate":"https:\/\/pemaejetes.org.al\/?s={search_term_string}"},"query-input":"required name=search_term_string"}],"inLanguage":"en-US"},{"@type":"Organization","@id":"https:\/\/pemaejetes.org.al\/#organization","name":"Pema e Jetes","url":"https:\/\/pemaejetes.org.al\/","logo":{"@type":"ImageObject","inLanguage":"en-US","@id":"https:\/\/pemaejetes.org.al\/#\/schema\/logo\/image\/","url":"https:\/\/pemaejetes.org.al\/wp-content\/uploads\/2024\/04\/LOGO-Pema-e-Jetes-pdf_page-0002-e1712155546269.jpg","contentUrl":"https:\/\/pemaejetes.org.al\/wp-content\/uploads\/2024\/04\/LOGO-Pema-e-Jetes-pdf_page-0002-e1712155546269.jpg","width":657,"height":610,"caption":"Pema e Jetes"},"image":{"@id":"https:\/\/pemaejetes.org.al\/#\/schema\/logo\/image\/"}},{"@type":"Person","@id":"https:\/\/pemaejetes.org.al\/#\/schema\/person\/f43267b87a28efb96abe2bc4fb24765f","name":"tanush","image":{"@type":"ImageObject","inLanguage":"en-US","@id":"https:\/\/pemaejetes.org.al\/#\/schema\/person\/image\/","url":"https:\/\/secure.gravatar.com\/avatar\/cfff3955b0540a7ed2610199edb9af73346f24ea7da14acd540360d8502797ce?s=96&d=mm&r=g","contentUrl":"https:\/\/secure.gravatar.com\/avatar\/cfff3955b0540a7ed2610199edb9af73346f24ea7da14acd540360d8502797ce?s=96&d=mm&r=g","caption":"tanush"},"url":"https:\/\/pemaejetes.org.al\/index.php\/author\/tanush\/"}]}},"_links":{"self":[{"href":"https:\/\/pemaejetes.org.al\/index.php\/wp-json\/wp\/v2\/posts\/1968","targetHints":{"allow":["GET"]}}],"collection":[{"href":"https:\/\/pemaejetes.org.al\/index.php\/wp-json\/wp\/v2\/posts"}],"about":[{"href":"https:\/\/pemaejetes.org.al\/index.php\/wp-json\/wp\/v2\/types\/post"}],"author":[{"embeddable":true,"href":"https:\/\/pemaejetes.org.al\/index.php\/wp-json\/wp\/v2\/users\/2"}],"replies":[{"embeddable":true,"href":"https:\/\/pemaejetes.org.al\/index.php\/wp-json\/wp\/v2\/comments?post=1968"}],"version-history":[{"count":1,"href":"https:\/\/pemaejetes.org.al\/index.php\/wp-json\/wp\/v2\/posts\/1968\/revisions"}],"predecessor-version":[{"id":1970,"href":"https:\/\/pemaejetes.org.al\/index.php\/wp-json\/wp\/v2\/posts\/1968\/revisions\/1970"}],"wp:featuredmedia":[{"embeddable":true,"href":"https:\/\/pemaejetes.org.al\/index.php\/wp-json\/wp\/v2\/media\/1969"}],"wp:attachment":[{"href":"https:\/\/pemaejetes.org.al\/index.php\/wp-json\/wp\/v2\/media?parent=1968"}],"wp:term":[{"taxonomy":"category","embeddable":true,"href":"https:\/\/pemaejetes.org.al\/index.php\/wp-json\/wp\/v2\/categories?post=1968"},{"taxonomy":"post_tag","embeddable":true,"href":"https:\/\/pemaejetes.org.al\/index.php\/wp-json\/wp\/v2\/tags?post=1968"}],"curies":[{"name":"wp","href":"https:\/\/api.w.org\/{rel}","templated":true}]}}