{"id":1687,"date":"2024-10-20T17:09:20","date_gmt":"2024-10-20T17:09:20","guid":{"rendered":"https:\/\/pemaejetes.org.al\/?p=1687"},"modified":"2024-10-20T17:09:21","modified_gmt":"2024-10-20T17:09:21","slug":"rasti-i-djalit-13-vjecar-me-sm-nje-histori-qe-na-prek-te-gjithe","status":"publish","type":"post","link":"http:\/\/pemaejetes.org.al\/index.php\/2024\/10\/20\/rasti-i-djalit-13-vjecar-me-sm-nje-histori-qe-na-prek-te-gjithe\/","title":{"rendered":"Rasti i djalit 13-vje\u00e7ar me SM, nj\u00eb histori q\u00eb na prek t\u00eb gjith\u00eb"},"content":{"rendered":"\n<p><\/p>\n\n\n\n<p>N\u00eb vitin 2021, nj\u00eb djal\u00eb 13-vje\u00e7ar n\u00eb Shqip\u00ebri filloi t\u00eb p\u00ebrjetonte simptoma shqet\u00ebsuese, q\u00eb p\u00ebrfshinin lodhje ekstreme dhe probleme me koordinimin e l\u00ebvizjeve. Ky rast ka t\u00ebrhequr v\u00ebmendjen p\u00ebr shkak t\u00eb sfidave mjek\u00ebsore dhe sociale q\u00eb ai dhe familja e tij kan\u00eb p\u00ebrballuar. Historia e tij \u00ebsht\u00eb nj\u00eb pasqyr\u00eb e qart\u00eb e mang\u00ebsive n\u00eb sistemin sh\u00ebndet\u00ebsor shqiptar, sidomos n\u00eb trajtimin e s\u00ebmundjeve t\u00eb rralla dhe kronike si skleroza multiple (MS).<\/p>\n\n\n\n<figure class=\"wp-block-image size-full\"><img fetchpriority=\"high\" decoding=\"async\" width=\"860\" height=\"857\" src=\"https:\/\/pemaejetes.org.al\/wp-content\/uploads\/2024\/10\/IMG_20241020_185041_012.jpg\" alt=\"\" class=\"wp-image-1688\" srcset=\"http:\/\/pemaejetes.org.al\/wp-content\/uploads\/2024\/10\/IMG_20241020_185041_012.jpg 860w, http:\/\/pemaejetes.org.al\/wp-content\/uploads\/2024\/10\/IMG_20241020_185041_012-300x300.jpg 300w, http:\/\/pemaejetes.org.al\/wp-content\/uploads\/2024\/10\/IMG_20241020_185041_012-150x150.jpg 150w, http:\/\/pemaejetes.org.al\/wp-content\/uploads\/2024\/10\/IMG_20241020_185041_012-768x765.jpg 768w\" sizes=\"(max-width: 860px) 100vw, 860px\" \/><\/figure>\n\n\n\n<h3 class=\"wp-block-heading\">Diagnostikimi fillestar dhe pengesat e tij<\/h3>\n\n\n\n<p>N\u00eb fillim, mjek\u00ebt n\u00eb Shqip\u00ebri dyshuan se ai vuante nga encefalomieliti i p\u00ebrhapur akut (ADEM), nj\u00eb s\u00ebmundje inflamatore q\u00eb prek sistemin nervor qendror. Megjithat\u00eb, kjo diagnoz\u00eb doli t\u00eb ishte e gabuar, duke \u00e7uar n\u00eb nj\u00eb trajtim t\u00eb vonuar dhe jo t\u00eb duhur. N\u00eb k\u00ebt\u00eb periudh\u00eb, gjendja e djalit filloi t\u00eb p\u00ebrkeq\u00ebsohej ndjesh\u00ebm, duke rritur frik\u00ebn dhe pasigurin\u00eb p\u00ebr t\u00eb dhe familjen e tij. Diagnostikimi i vonuar p\u00ebr raste t\u00eb tilla mund t\u00eb ket\u00eb pasoja t\u00eb m\u00ebdha, ve\u00e7an\u00ebrisht p\u00ebr pacient\u00ebt e rinj q\u00eb kan\u00eb nevoj\u00eb p\u00ebr nd\u00ebrhyrje t\u00eb hershme mjek\u00ebsore.<\/p>\n\n\n\n<h3 class=\"wp-block-heading\">Rezultatet nga rezonanca magnetike dhe diagnoza e sakt\u00eb<\/h3>\n\n\n\n<p>Pas p\u00ebrkeq\u00ebsimit t\u00eb gjendjes, mjek\u00ebt vendos\u00ebn t\u00eb kryenin nj\u00eb rezonanc\u00eb magnetike (MRI) p\u00ebr t\u00eb pasur nj\u00eb kuptim m\u00eb t\u00eb mir\u00eb t\u00eb situat\u00ebs. MRI tregoi lezione t\u00eb shumta n\u00eb tru, t\u00eb lidhura me inflamacionin dhe demielinizimin, t\u00eb cilat jan\u00eb karakteristike p\u00ebr skleroz\u00ebn multiple (MS). Ky zbulim ishte kritik p\u00ebr diagnostikimin e sakt\u00eb dhe trajtimin e m\u00ebtejsh\u00ebm t\u00eb s\u00ebmundjes, por p\u00ebr familjen filloi nj\u00eb betej\u00eb e re \u2013 p\u00ebrballja me sfidat e trajtimit.<\/p>\n\n\n\n<h3 class=\"wp-block-heading\">Sfidat e trajtimit dhe mb\u00ebshtetja e kufizuar<\/h3>\n\n\n\n<p>Pas diagnostikimit me MS, djaloshi p\u00ebrballej me nj\u00eb tjet\u00ebr penges\u00eb: munges\u00ebn e medikamenteve specifike p\u00ebr modifikimin e s\u00ebmundjes (DMT). K\u00ebto medikamente jan\u00eb jetike p\u00ebr t\u00eb ngadal\u00ebsuar p\u00ebrparimin e s\u00ebmundjes dhe p\u00ebr t\u00eb p\u00ebrmir\u00ebsuar cil\u00ebsin\u00eb e jet\u00ebs s\u00eb pacient\u00ebve me MS. Fatkeq\u00ebsisht, p\u00ebr shkak t\u00eb kostove t\u00eb larta dhe munges\u00ebs s\u00eb mb\u00ebshtetjes nga sigurimi sh\u00ebndet\u00ebsor, familja e tij nuk mund t\u00eb p\u00ebrballonte trajtimet m\u00eb t\u00eb avancuara. Kjo tregon v\u00ebshtir\u00ebsit\u00eb q\u00eb hasin familjet n\u00eb Shqip\u00ebri kur p\u00ebrballen me s\u00ebmundje kronike, ve\u00e7an\u00ebrisht kur sistemet sh\u00ebndet\u00ebsore nuk kan\u00eb burime t\u00eb mjaftueshme p\u00ebr t\u00eb mb\u00ebshtetur pacient\u00ebt n\u00eb m\u00ebnyr\u00eb efektive.<\/p>\n\n\n\n<h3 class=\"wp-block-heading\">M\u00ebsime t\u00eb nxjerra nga ky rast<\/h3>\n\n\n\n<p>Rasti i k\u00ebtij djaloshi nuk \u00ebsht\u00eb vet\u00ebm nj\u00eb tregues i sfidave sh\u00ebndet\u00ebsore, por edhe i pengesave sociale dhe ekonomike q\u00eb p\u00ebrballen familjet shqiptare n\u00eb trajtimin e s\u00ebmundjeve kronike. Ky rast thekson r\u00ebnd\u00ebsin\u00eb e diagnostikimit t\u00eb hersh\u00ebm dhe t\u00eb sakt\u00eb, por gjithashtu tregon nevoj\u00ebn p\u00ebr reforma n\u00eb sistemin sh\u00ebndet\u00ebsor, q\u00eb t\u00eb sigurohet akses m\u00eb i gjer\u00eb n\u00eb trajtime moderne dhe mb\u00ebshtetje m\u00eb e mir\u00eb p\u00ebr pacient\u00ebt dhe familjet e tyre.<\/p>\n\n\n\n<p>Reflektim p\u00ebr t\u00eb gjith\u00eb&#8230;.<\/p>\n\n\n\n<p>Historia e k\u00ebtij 13-vje\u00e7ari n\u00eb Shqip\u00ebri na b\u00ebn t\u00eb reflektojm\u00eb mbi nevoj\u00ebn p\u00ebr t\u00eb investuar n\u00eb sistemet sh\u00ebndet\u00ebsore n\u00eb vendet n\u00eb zhvillim, p\u00ebr t\u00eb siguruar q\u00eb t\u00eb gjith\u00eb pacient\u00ebt t\u00eb ken\u00eb mund\u00ebsi t\u00eb nj\u00ebjta p\u00ebr diagnostikim dhe trajtim t\u00eb sakt\u00eb dhe n\u00eb koh\u00eb. Ky rast \u00ebsht\u00eb nj\u00eb kujtes\u00eb e fort\u00eb se p\u00ebrmir\u00ebsimi i cil\u00ebsis\u00eb s\u00eb jet\u00ebs s\u00eb pacient\u00ebve varet jo vet\u00ebm nga teknologjia e avancuar, por edhe nga aksesueshm\u00ebria e trajtimeve dhe mb\u00ebshtetja ekonomike q\u00eb u ofrohet atyre.<\/p>\n\n\n\n<hr class=\"wp-block-separator has-alpha-channel-opacity\"\/>\n\n\n\n<p>Fondacioni &#8220;Pema e Jet\u00ebs&#8221;, prodhuesi i k\u00ebtij artikulli, thekson r\u00ebnd\u00ebsin\u00eb e ngritjes s\u00eb nd\u00ebrgjegj\u00ebsimit p\u00ebr k\u00ebto raste dhe p\u00ebrpjekjen p\u00ebr t\u00eb ndryshuar gjendjen p\u00ebr pacient\u00ebt me MS dhe s\u00ebmundje t\u00eb tjera kronike n\u00eb Shqip\u00ebri dhe m\u00eb gjer\u00eb.<\/p>\n","protected":false},"excerpt":{"rendered":"<p>N\u00eb vitin 2021, nj\u00eb djal\u00eb 13-vje\u00e7ar n\u00eb Shqip\u00ebri filloi t\u00eb p\u00ebrjetonte simptoma shqet\u00ebsuese, q\u00eb p\u00ebrfshinin lodhje ekstreme dhe probleme me koordinimin e l\u00ebvizjeve. Ky rast ka t\u00ebrhequr v\u00ebmendjen p\u00ebr shkak t\u00eb sfidave mjek\u00ebsore dhe sociale q\u00eb ai dhe familja e tij kan\u00eb p\u00ebrballuar. Historia e tij \u00ebsht\u00eb nj\u00eb pasqyr\u00eb e qart\u00eb e mang\u00ebsive n\u00eb sistemin [&hellip;]<\/p>\n","protected":false},"author":2,"featured_media":1688,"comment_status":"open","ping_status":"open","sticky":false,"template":"","format":"standard","meta":{"footnotes":""},"categories":[49,10],"tags":[20,19],"class_list":["post-1687","post","type-post","status-publish","format-standard","has-post-thumbnail","hentry","category-semundjet-kronike","category-skleroza-multiple","tag-fondacionipemaejetes","tag-sklerozamultiple"],"acf":[],"yoast_head":"<!-- This site is optimized with the Yoast SEO plugin v22.6 - https:\/\/yoast.com\/wordpress\/plugins\/seo\/ -->\n<title>Rasti i djalit 13-vje\u00e7ar me SM, nj\u00eb histori q\u00eb na prek t\u00eb gjith\u00eb - Pema e Jetes<\/title>\n<meta name=\"robots\" content=\"index, follow, max-snippet:-1, max-image-preview:large, max-video-preview:-1\" \/>\n<link rel=\"canonical\" href=\"http:\/\/pemaejetes.org.al\/index.php\/2024\/10\/20\/rasti-i-djalit-13-vjecar-me-sm-nje-histori-qe-na-prek-te-gjithe\/\" \/>\n<meta property=\"og:locale\" content=\"en_US\" \/>\n<meta property=\"og:type\" content=\"article\" \/>\n<meta property=\"og:title\" content=\"Rasti i djalit 13-vje\u00e7ar me SM, nj\u00eb histori q\u00eb na prek t\u00eb gjith\u00eb - Pema e Jetes\" \/>\n<meta property=\"og:description\" content=\"N\u00eb vitin 2021, nj\u00eb djal\u00eb 13-vje\u00e7ar n\u00eb Shqip\u00ebri filloi t\u00eb p\u00ebrjetonte simptoma shqet\u00ebsuese, q\u00eb p\u00ebrfshinin lodhje ekstreme dhe probleme me koordinimin e l\u00ebvizjeve. Ky rast ka t\u00ebrhequr v\u00ebmendjen p\u00ebr shkak t\u00eb sfidave mjek\u00ebsore dhe sociale q\u00eb ai dhe familja e tij kan\u00eb p\u00ebrballuar. Historia e tij \u00ebsht\u00eb nj\u00eb pasqyr\u00eb e qart\u00eb e mang\u00ebsive n\u00eb sistemin [&hellip;]\" \/>\n<meta property=\"og:url\" content=\"http:\/\/pemaejetes.org.al\/index.php\/2024\/10\/20\/rasti-i-djalit-13-vjecar-me-sm-nje-histori-qe-na-prek-te-gjithe\/\" \/>\n<meta property=\"og:site_name\" content=\"Pema e Jetes\" \/>\n<meta property=\"article:published_time\" content=\"2024-10-20T17:09:20+00:00\" \/>\n<meta property=\"article:modified_time\" content=\"2024-10-20T17:09:21+00:00\" \/>\n<meta property=\"og:image\" content=\"http:\/\/pemaejetes.org.al\/wp-content\/uploads\/2024\/10\/IMG_20241020_185041_012.jpg\" \/>\n\t<meta property=\"og:image:width\" content=\"860\" \/>\n\t<meta property=\"og:image:height\" content=\"857\" \/>\n\t<meta property=\"og:image:type\" content=\"image\/jpeg\" \/>\n<meta name=\"author\" content=\"tanush\" \/>\n<meta name=\"twitter:card\" content=\"summary_large_image\" \/>\n<meta name=\"twitter:label1\" content=\"Written by\" \/>\n\t<meta name=\"twitter:data1\" content=\"tanush\" \/>\n\t<meta name=\"twitter:label2\" content=\"Est. reading time\" \/>\n\t<meta name=\"twitter:data2\" content=\"3 minutes\" \/>\n<script type=\"application\/ld+json\" class=\"yoast-schema-graph\">{\"@context\":\"https:\/\/schema.org\",\"@graph\":[{\"@type\":\"Article\",\"@id\":\"http:\/\/pemaejetes.org.al\/index.php\/2024\/10\/20\/rasti-i-djalit-13-vjecar-me-sm-nje-histori-qe-na-prek-te-gjithe\/#article\",\"isPartOf\":{\"@id\":\"http:\/\/pemaejetes.org.al\/index.php\/2024\/10\/20\/rasti-i-djalit-13-vjecar-me-sm-nje-histori-qe-na-prek-te-gjithe\/\"},\"author\":{\"name\":\"tanush\",\"@id\":\"https:\/\/pemaejetes.org.al\/#\/schema\/person\/f43267b87a28efb96abe2bc4fb24765f\"},\"headline\":\"Rasti i djalit 13-vje\u00e7ar me SM, nj\u00eb histori q\u00eb na prek t\u00eb gjith\u00eb\",\"datePublished\":\"2024-10-20T17:09:20+00:00\",\"dateModified\":\"2024-10-20T17:09:21+00:00\",\"mainEntityOfPage\":{\"@id\":\"http:\/\/pemaejetes.org.al\/index.php\/2024\/10\/20\/rasti-i-djalit-13-vjecar-me-sm-nje-histori-qe-na-prek-te-gjithe\/\"},\"wordCount\":689,\"commentCount\":0,\"publisher\":{\"@id\":\"https:\/\/pemaejetes.org.al\/#organization\"},\"image\":{\"@id\":\"http:\/\/pemaejetes.org.al\/index.php\/2024\/10\/20\/rasti-i-djalit-13-vjecar-me-sm-nje-histori-qe-na-prek-te-gjithe\/#primaryimage\"},\"thumbnailUrl\":\"http:\/\/pemaejetes.org.al\/wp-content\/uploads\/2024\/10\/IMG_20241020_185041_012.jpg\",\"keywords\":[\"fondacionipemaejetes\",\"sklerozamultiple\"],\"articleSection\":[\"Semundjet Kronike\",\"Skleroza Multiple\"],\"inLanguage\":\"en-US\",\"potentialAction\":[{\"@type\":\"CommentAction\",\"name\":\"Comment\",\"target\":[\"http:\/\/pemaejetes.org.al\/index.php\/2024\/10\/20\/rasti-i-djalit-13-vjecar-me-sm-nje-histori-qe-na-prek-te-gjithe\/#respond\"]}]},{\"@type\":\"WebPage\",\"@id\":\"http:\/\/pemaejetes.org.al\/index.php\/2024\/10\/20\/rasti-i-djalit-13-vjecar-me-sm-nje-histori-qe-na-prek-te-gjithe\/\",\"url\":\"http:\/\/pemaejetes.org.al\/index.php\/2024\/10\/20\/rasti-i-djalit-13-vjecar-me-sm-nje-histori-qe-na-prek-te-gjithe\/\",\"name\":\"Rasti i djalit 13-vje\u00e7ar me SM, nj\u00eb histori q\u00eb na prek t\u00eb gjith\u00eb - Pema e Jetes\",\"isPartOf\":{\"@id\":\"https:\/\/pemaejetes.org.al\/#website\"},\"primaryImageOfPage\":{\"@id\":\"http:\/\/pemaejetes.org.al\/index.php\/2024\/10\/20\/rasti-i-djalit-13-vjecar-me-sm-nje-histori-qe-na-prek-te-gjithe\/#primaryimage\"},\"image\":{\"@id\":\"http:\/\/pemaejetes.org.al\/index.php\/2024\/10\/20\/rasti-i-djalit-13-vjecar-me-sm-nje-histori-qe-na-prek-te-gjithe\/#primaryimage\"},\"thumbnailUrl\":\"http:\/\/pemaejetes.org.al\/wp-content\/uploads\/2024\/10\/IMG_20241020_185041_012.jpg\",\"datePublished\":\"2024-10-20T17:09:20+00:00\",\"dateModified\":\"2024-10-20T17:09:21+00:00\",\"breadcrumb\":{\"@id\":\"http:\/\/pemaejetes.org.al\/index.php\/2024\/10\/20\/rasti-i-djalit-13-vjecar-me-sm-nje-histori-qe-na-prek-te-gjithe\/#breadcrumb\"},\"inLanguage\":\"en-US\",\"potentialAction\":[{\"@type\":\"ReadAction\",\"target\":[\"http:\/\/pemaejetes.org.al\/index.php\/2024\/10\/20\/rasti-i-djalit-13-vjecar-me-sm-nje-histori-qe-na-prek-te-gjithe\/\"]}]},{\"@type\":\"ImageObject\",\"inLanguage\":\"en-US\",\"@id\":\"http:\/\/pemaejetes.org.al\/index.php\/2024\/10\/20\/rasti-i-djalit-13-vjecar-me-sm-nje-histori-qe-na-prek-te-gjithe\/#primaryimage\",\"url\":\"http:\/\/pemaejetes.org.al\/wp-content\/uploads\/2024\/10\/IMG_20241020_185041_012.jpg\",\"contentUrl\":\"http:\/\/pemaejetes.org.al\/wp-content\/uploads\/2024\/10\/IMG_20241020_185041_012.jpg\",\"width\":860,\"height\":857},{\"@type\":\"BreadcrumbList\",\"@id\":\"http:\/\/pemaejetes.org.al\/index.php\/2024\/10\/20\/rasti-i-djalit-13-vjecar-me-sm-nje-histori-qe-na-prek-te-gjithe\/#breadcrumb\",\"itemListElement\":[{\"@type\":\"ListItem\",\"position\":1,\"name\":\"Home\",\"item\":\"https:\/\/pemaejetes.org.al\/\"},{\"@type\":\"ListItem\",\"position\":2,\"name\":\"Rasti i djalit 13-vje\u00e7ar me SM, nj\u00eb histori q\u00eb na prek t\u00eb gjith\u00eb\"}]},{\"@type\":\"WebSite\",\"@id\":\"https:\/\/pemaejetes.org.al\/#website\",\"url\":\"https:\/\/pemaejetes.org.al\/\",\"name\":\"Pema e Jetes\",\"description\":\"\",\"publisher\":{\"@id\":\"https:\/\/pemaejetes.org.al\/#organization\"},\"potentialAction\":[{\"@type\":\"SearchAction\",\"target\":{\"@type\":\"EntryPoint\",\"urlTemplate\":\"https:\/\/pemaejetes.org.al\/?s={search_term_string}\"},\"query-input\":\"required name=search_term_string\"}],\"inLanguage\":\"en-US\"},{\"@type\":\"Organization\",\"@id\":\"https:\/\/pemaejetes.org.al\/#organization\",\"name\":\"Pema e Jetes\",\"url\":\"https:\/\/pemaejetes.org.al\/\",\"logo\":{\"@type\":\"ImageObject\",\"inLanguage\":\"en-US\",\"@id\":\"https:\/\/pemaejetes.org.al\/#\/schema\/logo\/image\/\",\"url\":\"http:\/\/pemaejetes.org.al\/wp-content\/uploads\/2024\/04\/LOGO-Pema-e-Jetes-pdf_page-0002-e1712155546269.jpg\",\"contentUrl\":\"http:\/\/pemaejetes.org.al\/wp-content\/uploads\/2024\/04\/LOGO-Pema-e-Jetes-pdf_page-0002-e1712155546269.jpg\",\"width\":657,\"height\":610,\"caption\":\"Pema e Jetes\"},\"image\":{\"@id\":\"https:\/\/pemaejetes.org.al\/#\/schema\/logo\/image\/\"}},{\"@type\":\"Person\",\"@id\":\"https:\/\/pemaejetes.org.al\/#\/schema\/person\/f43267b87a28efb96abe2bc4fb24765f\",\"name\":\"tanush\",\"image\":{\"@type\":\"ImageObject\",\"inLanguage\":\"en-US\",\"@id\":\"https:\/\/pemaejetes.org.al\/#\/schema\/person\/image\/\",\"url\":\"https:\/\/secure.gravatar.com\/avatar\/cfff3955b0540a7ed2610199edb9af73346f24ea7da14acd540360d8502797ce?s=96&d=mm&r=g\",\"contentUrl\":\"https:\/\/secure.gravatar.com\/avatar\/cfff3955b0540a7ed2610199edb9af73346f24ea7da14acd540360d8502797ce?s=96&d=mm&r=g\",\"caption\":\"tanush\"},\"url\":\"http:\/\/pemaejetes.org.al\/index.php\/author\/tanush\/\"}]}<\/script>\n<!-- \/ Yoast SEO plugin. -->","yoast_head_json":{"title":"Rasti i djalit 13-vje\u00e7ar me SM, nj\u00eb histori q\u00eb na prek t\u00eb gjith\u00eb - Pema e Jetes","robots":{"index":"index","follow":"follow","max-snippet":"max-snippet:-1","max-image-preview":"max-image-preview:large","max-video-preview":"max-video-preview:-1"},"canonical":"http:\/\/pemaejetes.org.al\/index.php\/2024\/10\/20\/rasti-i-djalit-13-vjecar-me-sm-nje-histori-qe-na-prek-te-gjithe\/","og_locale":"en_US","og_type":"article","og_title":"Rasti i djalit 13-vje\u00e7ar me SM, nj\u00eb histori q\u00eb na prek t\u00eb gjith\u00eb - Pema e Jetes","og_description":"N\u00eb vitin 2021, nj\u00eb djal\u00eb 13-vje\u00e7ar n\u00eb Shqip\u00ebri filloi t\u00eb p\u00ebrjetonte simptoma shqet\u00ebsuese, q\u00eb p\u00ebrfshinin lodhje ekstreme dhe probleme me koordinimin e l\u00ebvizjeve. Ky rast ka t\u00ebrhequr v\u00ebmendjen p\u00ebr shkak t\u00eb sfidave mjek\u00ebsore dhe sociale q\u00eb ai dhe familja e tij kan\u00eb p\u00ebrballuar. Historia e tij \u00ebsht\u00eb nj\u00eb pasqyr\u00eb e qart\u00eb e mang\u00ebsive n\u00eb sistemin [&hellip;]","og_url":"http:\/\/pemaejetes.org.al\/index.php\/2024\/10\/20\/rasti-i-djalit-13-vjecar-me-sm-nje-histori-qe-na-prek-te-gjithe\/","og_site_name":"Pema e Jetes","article_published_time":"2024-10-20T17:09:20+00:00","article_modified_time":"2024-10-20T17:09:21+00:00","og_image":[{"width":860,"height":857,"url":"http:\/\/pemaejetes.org.al\/wp-content\/uploads\/2024\/10\/IMG_20241020_185041_012.jpg","type":"image\/jpeg"}],"author":"tanush","twitter_card":"summary_large_image","twitter_misc":{"Written by":"tanush","Est. reading time":"3 minutes"},"schema":{"@context":"https:\/\/schema.org","@graph":[{"@type":"Article","@id":"http:\/\/pemaejetes.org.al\/index.php\/2024\/10\/20\/rasti-i-djalit-13-vjecar-me-sm-nje-histori-qe-na-prek-te-gjithe\/#article","isPartOf":{"@id":"http:\/\/pemaejetes.org.al\/index.php\/2024\/10\/20\/rasti-i-djalit-13-vjecar-me-sm-nje-histori-qe-na-prek-te-gjithe\/"},"author":{"name":"tanush","@id":"https:\/\/pemaejetes.org.al\/#\/schema\/person\/f43267b87a28efb96abe2bc4fb24765f"},"headline":"Rasti i djalit 13-vje\u00e7ar me SM, nj\u00eb histori q\u00eb na prek t\u00eb gjith\u00eb","datePublished":"2024-10-20T17:09:20+00:00","dateModified":"2024-10-20T17:09:21+00:00","mainEntityOfPage":{"@id":"http:\/\/pemaejetes.org.al\/index.php\/2024\/10\/20\/rasti-i-djalit-13-vjecar-me-sm-nje-histori-qe-na-prek-te-gjithe\/"},"wordCount":689,"commentCount":0,"publisher":{"@id":"https:\/\/pemaejetes.org.al\/#organization"},"image":{"@id":"http:\/\/pemaejetes.org.al\/index.php\/2024\/10\/20\/rasti-i-djalit-13-vjecar-me-sm-nje-histori-qe-na-prek-te-gjithe\/#primaryimage"},"thumbnailUrl":"http:\/\/pemaejetes.org.al\/wp-content\/uploads\/2024\/10\/IMG_20241020_185041_012.jpg","keywords":["fondacionipemaejetes","sklerozamultiple"],"articleSection":["Semundjet Kronike","Skleroza Multiple"],"inLanguage":"en-US","potentialAction":[{"@type":"CommentAction","name":"Comment","target":["http:\/\/pemaejetes.org.al\/index.php\/2024\/10\/20\/rasti-i-djalit-13-vjecar-me-sm-nje-histori-qe-na-prek-te-gjithe\/#respond"]}]},{"@type":"WebPage","@id":"http:\/\/pemaejetes.org.al\/index.php\/2024\/10\/20\/rasti-i-djalit-13-vjecar-me-sm-nje-histori-qe-na-prek-te-gjithe\/","url":"http:\/\/pemaejetes.org.al\/index.php\/2024\/10\/20\/rasti-i-djalit-13-vjecar-me-sm-nje-histori-qe-na-prek-te-gjithe\/","name":"Rasti i djalit 13-vje\u00e7ar me SM, nj\u00eb histori q\u00eb na prek t\u00eb gjith\u00eb - Pema e Jetes","isPartOf":{"@id":"https:\/\/pemaejetes.org.al\/#website"},"primaryImageOfPage":{"@id":"http:\/\/pemaejetes.org.al\/index.php\/2024\/10\/20\/rasti-i-djalit-13-vjecar-me-sm-nje-histori-qe-na-prek-te-gjithe\/#primaryimage"},"image":{"@id":"http:\/\/pemaejetes.org.al\/index.php\/2024\/10\/20\/rasti-i-djalit-13-vjecar-me-sm-nje-histori-qe-na-prek-te-gjithe\/#primaryimage"},"thumbnailUrl":"http:\/\/pemaejetes.org.al\/wp-content\/uploads\/2024\/10\/IMG_20241020_185041_012.jpg","datePublished":"2024-10-20T17:09:20+00:00","dateModified":"2024-10-20T17:09:21+00:00","breadcrumb":{"@id":"http:\/\/pemaejetes.org.al\/index.php\/2024\/10\/20\/rasti-i-djalit-13-vjecar-me-sm-nje-histori-qe-na-prek-te-gjithe\/#breadcrumb"},"inLanguage":"en-US","potentialAction":[{"@type":"ReadAction","target":["http:\/\/pemaejetes.org.al\/index.php\/2024\/10\/20\/rasti-i-djalit-13-vjecar-me-sm-nje-histori-qe-na-prek-te-gjithe\/"]}]},{"@type":"ImageObject","inLanguage":"en-US","@id":"http:\/\/pemaejetes.org.al\/index.php\/2024\/10\/20\/rasti-i-djalit-13-vjecar-me-sm-nje-histori-qe-na-prek-te-gjithe\/#primaryimage","url":"http:\/\/pemaejetes.org.al\/wp-content\/uploads\/2024\/10\/IMG_20241020_185041_012.jpg","contentUrl":"http:\/\/pemaejetes.org.al\/wp-content\/uploads\/2024\/10\/IMG_20241020_185041_012.jpg","width":860,"height":857},{"@type":"BreadcrumbList","@id":"http:\/\/pemaejetes.org.al\/index.php\/2024\/10\/20\/rasti-i-djalit-13-vjecar-me-sm-nje-histori-qe-na-prek-te-gjithe\/#breadcrumb","itemListElement":[{"@type":"ListItem","position":1,"name":"Home","item":"https:\/\/pemaejetes.org.al\/"},{"@type":"ListItem","position":2,"name":"Rasti i djalit 13-vje\u00e7ar me SM, nj\u00eb histori q\u00eb na prek t\u00eb gjith\u00eb"}]},{"@type":"WebSite","@id":"https:\/\/pemaejetes.org.al\/#website","url":"https:\/\/pemaejetes.org.al\/","name":"Pema e Jetes","description":"","publisher":{"@id":"https:\/\/pemaejetes.org.al\/#organization"},"potentialAction":[{"@type":"SearchAction","target":{"@type":"EntryPoint","urlTemplate":"https:\/\/pemaejetes.org.al\/?s={search_term_string}"},"query-input":"required name=search_term_string"}],"inLanguage":"en-US"},{"@type":"Organization","@id":"https:\/\/pemaejetes.org.al\/#organization","name":"Pema e Jetes","url":"https:\/\/pemaejetes.org.al\/","logo":{"@type":"ImageObject","inLanguage":"en-US","@id":"https:\/\/pemaejetes.org.al\/#\/schema\/logo\/image\/","url":"http:\/\/pemaejetes.org.al\/wp-content\/uploads\/2024\/04\/LOGO-Pema-e-Jetes-pdf_page-0002-e1712155546269.jpg","contentUrl":"http:\/\/pemaejetes.org.al\/wp-content\/uploads\/2024\/04\/LOGO-Pema-e-Jetes-pdf_page-0002-e1712155546269.jpg","width":657,"height":610,"caption":"Pema e Jetes"},"image":{"@id":"https:\/\/pemaejetes.org.al\/#\/schema\/logo\/image\/"}},{"@type":"Person","@id":"https:\/\/pemaejetes.org.al\/#\/schema\/person\/f43267b87a28efb96abe2bc4fb24765f","name":"tanush","image":{"@type":"ImageObject","inLanguage":"en-US","@id":"https:\/\/pemaejetes.org.al\/#\/schema\/person\/image\/","url":"https:\/\/secure.gravatar.com\/avatar\/cfff3955b0540a7ed2610199edb9af73346f24ea7da14acd540360d8502797ce?s=96&d=mm&r=g","contentUrl":"https:\/\/secure.gravatar.com\/avatar\/cfff3955b0540a7ed2610199edb9af73346f24ea7da14acd540360d8502797ce?s=96&d=mm&r=g","caption":"tanush"},"url":"http:\/\/pemaejetes.org.al\/index.php\/author\/tanush\/"}]}},"_links":{"self":[{"href":"http:\/\/pemaejetes.org.al\/index.php\/wp-json\/wp\/v2\/posts\/1687","targetHints":{"allow":["GET"]}}],"collection":[{"href":"http:\/\/pemaejetes.org.al\/index.php\/wp-json\/wp\/v2\/posts"}],"about":[{"href":"http:\/\/pemaejetes.org.al\/index.php\/wp-json\/wp\/v2\/types\/post"}],"author":[{"embeddable":true,"href":"http:\/\/pemaejetes.org.al\/index.php\/wp-json\/wp\/v2\/users\/2"}],"replies":[{"embeddable":true,"href":"http:\/\/pemaejetes.org.al\/index.php\/wp-json\/wp\/v2\/comments?post=1687"}],"version-history":[{"count":1,"href":"http:\/\/pemaejetes.org.al\/index.php\/wp-json\/wp\/v2\/posts\/1687\/revisions"}],"predecessor-version":[{"id":1689,"href":"http:\/\/pemaejetes.org.al\/index.php\/wp-json\/wp\/v2\/posts\/1687\/revisions\/1689"}],"wp:featuredmedia":[{"embeddable":true,"href":"http:\/\/pemaejetes.org.al\/index.php\/wp-json\/wp\/v2\/media\/1688"}],"wp:attachment":[{"href":"http:\/\/pemaejetes.org.al\/index.php\/wp-json\/wp\/v2\/media?parent=1687"}],"wp:term":[{"taxonomy":"category","embeddable":true,"href":"http:\/\/pemaejetes.org.al\/index.php\/wp-json\/wp\/v2\/categories?post=1687"},{"taxonomy":"post_tag","embeddable":true,"href":"http:\/\/pemaejetes.org.al\/index.php\/wp-json\/wp\/v2\/tags?post=1687"}],"curies":[{"name":"wp","href":"https:\/\/api.w.org\/{rel}","templated":true}]}}