{"id":1561,"date":"2024-08-23T18:31:13","date_gmt":"2024-08-23T18:31:13","guid":{"rendered":"https:\/\/pemaejetes.org.al\/?p=1561"},"modified":"2024-08-23T18:35:23","modified_gmt":"2024-08-23T18:35:23","slug":"lufta-kunder-alzheimerit","status":"publish","type":"post","link":"http:\/\/pemaejetes.org.al\/index.php\/2024\/08\/23\/lufta-kunder-alzheimerit\/","title":{"rendered":"Lufta Kund\u00ebr Alzheimerit"},"content":{"rendered":"\n<p><strong>Nga Fondacioni Pema e Jet\u00ebs<\/strong><\/p>\n\n\n\n<p>Alzheimeri \u00ebsht\u00eb nj\u00eb s\u00ebmundje neurodegjenerative q\u00eb prek miliona njer\u00ebz n\u00eb mbar\u00eb bot\u00ebn, duke shkat\u00ebrruar kujtimet, personalitetin dhe aft\u00ebsit\u00eb mendore t\u00eb pacient\u00ebve. Teksa popullsia globale vazhdon t\u00eb plaket, incidenca e k\u00ebsaj s\u00ebmundjeje \u00ebsht\u00eb n\u00eb rritje, duke e b\u00ebr\u00eb at\u00eb nj\u00eb nga sfidat m\u00eb t\u00eb m\u00ebdha t\u00eb sh\u00ebndetit publik t\u00eb shekullit ton\u00eb.<\/p>\n\n\n\n<figure class=\"wp-block-embed is-type-video is-provider-youtube wp-block-embed-youtube wp-embed-aspect-16-9 wp-has-aspect-ratio\"><div class=\"wp-block-embed__wrapper\">\n<iframe title=\"Episodi 5. Emisioni &#039;Pro Pacientit&quot; me Evis Allushi (Pedagoge)\" width=\"800\" height=\"450\" src=\"https:\/\/www.youtube.com\/embed\/5nBMpQrq5vA?feature=oembed\" frameborder=\"0\" allow=\"accelerometer; autoplay; clipboard-write; encrypted-media; gyroscope; picture-in-picture; web-share\" referrerpolicy=\"strict-origin-when-cross-origin\" allowfullscreen><\/iframe>\n<\/div><figcaption class=\"wp-element-caption\">Rehabilitimi fizik, shpres\u00eb p\u00ebr skleroz\u00ebn multiple <\/figcaption><\/figure>\n\n\n\n<h4 class=\"wp-block-heading\">\u00c7far\u00eb \u00ebsht\u00eb Alzheimeri?<\/h4>\n\n\n\n<p>Alzheimeri \u00ebsht\u00eb forma m\u00eb e zakonshme e demenc\u00ebs, nj\u00eb grup \u00e7rregullimesh q\u00eb ndikojn\u00eb n\u00eb aft\u00ebsit\u00eb mendore t\u00eb individit, duke p\u00ebrfshir\u00eb kujtes\u00ebn, arsyetimin dhe aft\u00ebsit\u00eb p\u00ebr t\u00eb kryer aktivitete t\u00eb p\u00ebrditshme. Ky \u00e7rregullim \u00ebsht\u00eb progresiv, q\u00eb do t\u00eb thot\u00eb se simptomat p\u00ebrkeq\u00ebsohen me kalimin e koh\u00ebs. Fillimisht, njer\u00ebzit me Alzheimer mund t\u00eb ken\u00eb v\u00ebshtir\u00ebsi t\u00eb vogla n\u00eb kujtes\u00eb, por me kalimin e koh\u00ebs, ata mund t\u00eb humbasin aft\u00ebsin\u00eb p\u00ebr t\u00eb kujtuar ngjarje t\u00eb r\u00ebnd\u00ebsishme, t\u00eb njohin njer\u00ebzit e af\u00ebrt dhe t\u00eb kryejn\u00eb edhe detyrat m\u00eb t\u00eb thjeshta.<\/p>\n\n\n\n<h4 class=\"wp-block-heading\">Avancimet e Fundit n\u00eb Mjek\u00ebsi<\/h4>\n\n\n\n<p>N\u00eb vitet e fundit, jan\u00eb miratuar disa ila\u00e7e t\u00eb reja q\u00eb kan\u00eb sjell\u00eb nj\u00eb drit\u00eb shprese p\u00ebr pacient\u00ebt me Alzheimer dhe familjet e tyre. Ila\u00e7et si Leqembi (lekanemab) dhe Donanemab kan\u00eb treguar rezultate premtuese n\u00eb ngadal\u00ebsimin e p\u00ebrparimit t\u00eb s\u00ebmundjes, ve\u00e7an\u00ebrisht n\u00eb fazat e hershme t\u00eb saj. K\u00ebto ila\u00e7e veprojn\u00eb duke synuar pllak\u00ebzat amiloide n\u00eb tru, t\u00eb cilat jan\u00eb t\u00eb lidhura me zhvillimin e Alzheimerit.<\/p>\n\n\n\n<figure class=\"wp-block-embed is-type-video is-provider-youtube wp-block-embed-youtube wp-embed-aspect-16-9 wp-has-aspect-ratio\"><div class=\"wp-block-embed__wrapper\">\n<iframe title=\"Episodi 4. Emisioni &#039;Pro Pacientit&quot; me Viktoria Naco (Dietologe)\" width=\"800\" height=\"450\" src=\"https:\/\/www.youtube.com\/embed\/fdKVOlyoMqs?feature=oembed\" frameborder=\"0\" allow=\"accelerometer; autoplay; clipboard-write; encrypted-media; gyroscope; picture-in-picture; web-share\" referrerpolicy=\"strict-origin-when-cross-origin\" allowfullscreen><\/iframe>\n<\/div><\/figure>\n\n\n\n<p>Megjithat\u00eb, k\u00ebrkimi vazhdon. Shkenc\u00ebtar\u00ebt po shqyrtojn\u00eb gjithashtu rolin e proteinave t\u00eb tjera si tau, t\u00eb cilat formojn\u00eb ngat\u00ebrrime n\u00eb tru, dhe po eksplorojn\u00eb trajtime t\u00eb mundshme p\u00ebr t\u2019i eliminuar ato. Terapia gjenetike dhe testet e gjakut p\u00ebr zbulimin e hersh\u00ebm jan\u00eb gjithashtu n\u00eb fokus, duke hapur rrug\u00ebn p\u00ebr nd\u00ebrhyrje t\u00eb hershme dhe trajtime m\u00eb efektive.<\/p>\n\n\n\n<h4 class=\"wp-block-heading\">Ndikimi Global dhe Sfidat<\/h4>\n\n\n\n<p>Me rritjen e numrit t\u00eb t\u00eb moshuarve, numri i njer\u00ebzve t\u00eb prekur nga Alzheimeri pritet t\u00eb arrij\u00eb nivele alarmante. Organizata Bot\u00ebrore e Sh\u00ebndet\u00ebsis\u00eb parashikon se deri n\u00eb vitin 2050, gati 139 milion\u00eb njer\u00ebz n\u00eb mbar\u00eb bot\u00ebn do t\u00eb jetojn\u00eb me demenc\u00eb. Kjo p\u00ebrb\u00ebn nj\u00eb barr\u00eb t\u00eb madhe p\u00ebr sistemet sh\u00ebndet\u00ebsore dhe ekonomit\u00eb, ve\u00e7an\u00ebrisht n\u00eb vendet me t\u00eb ardhura t\u00eb ul\u00ebta dhe t\u00eb mesme.<\/p>\n\n\n\n<figure class=\"wp-block-image size-full\"><img fetchpriority=\"high\" decoding=\"async\" width=\"1024\" height=\"1024\" src=\"https:\/\/pemaejetes.org.al\/wp-content\/uploads\/2024\/08\/7c5df6f3-1507-4070-b3a5-d7c5d1085d3b.webp\" alt=\"\" class=\"wp-image-1562\" srcset=\"http:\/\/pemaejetes.org.al\/wp-content\/uploads\/2024\/08\/7c5df6f3-1507-4070-b3a5-d7c5d1085d3b.webp 1024w, http:\/\/pemaejetes.org.al\/wp-content\/uploads\/2024\/08\/7c5df6f3-1507-4070-b3a5-d7c5d1085d3b-300x300.webp 300w, http:\/\/pemaejetes.org.al\/wp-content\/uploads\/2024\/08\/7c5df6f3-1507-4070-b3a5-d7c5d1085d3b-150x150.webp 150w, http:\/\/pemaejetes.org.al\/wp-content\/uploads\/2024\/08\/7c5df6f3-1507-4070-b3a5-d7c5d1085d3b-768x768.webp 768w\" sizes=\"(max-width: 1024px) 100vw, 1024px\" \/><\/figure>\n\n\n\n<p>Kostot e kujdesit p\u00ebr Alzheimerin jan\u00eb t\u00eb m\u00ebdha, duke p\u00ebrfshir\u00eb kujdesin sh\u00ebndet\u00ebsor, kujdesin afatgjat\u00eb dhe produktivitetin e humbur t\u00eb kujdestar\u00ebve. N\u00eb Shtetet e Bashkuara, p\u00ebr shembull, k\u00ebto kosto pritet t\u00eb kalojn\u00eb 1 trilion dollar\u00eb deri n\u00eb vitin 2050.<\/p>\n\n\n\n<h4 class=\"wp-block-heading\">Mb\u00ebshtetja p\u00ebr Kujdestar\u00ebt<\/h4>\n\n\n\n<p>Nj\u00eb pjes\u00eb e r\u00ebnd\u00ebsishme e p\u00ebrballjes me Alzheimerin \u00ebsht\u00eb mb\u00ebshtetja p\u00ebr kujdestar\u00ebt, t\u00eb cil\u00ebt shpesh p\u00ebrballen me sfida t\u00eb m\u00ebdha fizike dhe emocionale. Fondacioni Pema e Jet\u00ebs dhe organizata t\u00eb tjera ofrojn\u00eb burime dhe grupe mb\u00ebshtet\u00ebse p\u00ebr kujdestar\u00ebt, duke p\u00ebrfshir\u00eb trajnime dhe k\u00ebshillim, p\u00ebr t\u00eb p\u00ebrmir\u00ebsuar cil\u00ebsin\u00eb e jet\u00ebs s\u00eb tyre dhe t\u00eb pacient\u00ebve.<\/p>\n\n\n\n<h4 class=\"wp-block-heading\">Nd\u00ebrgjegj\u00ebsimi Publik dhe Edukimi<\/h4>\n\n\n\n<p>Nd\u00ebrgjegj\u00ebsimi \u00ebsht\u00eb \u00e7el\u00ebsi p\u00ebr diagnostikimin e hersh\u00ebm dhe trajtimin efektiv. Fushatat sh\u00ebndet\u00ebsore publike po p\u00ebrpiqen t\u00eb rrisin nd\u00ebrgjegj\u00ebsimin p\u00ebr Alzheimerin, t\u00eb reduktojn\u00eb stigm\u00ebn dhe t\u00eb inkurajojn\u00eb njer\u00ebzit q\u00eb t\u00eb k\u00ebrkojn\u00eb ndihm\u00eb sa m\u00eb her\u00ebt t\u00eb jet\u00eb e mundur. Nd\u00ebrkoh\u00eb, promovimi i nj\u00eb stili jetese t\u00eb sh\u00ebndetsh\u00ebm, si ushqyerja e mir\u00eb, aktiviteti fizik i rregullt dhe stimulimi kognitiv, \u00ebsht\u00eb nj\u00eb komponent i r\u00ebnd\u00ebsish\u00ebm i p\u00ebrpjekjeve p\u00ebr t\u00eb parandaluar ose vonuar fillimin e s\u00ebmundjes.<\/p>\n\n\n\n<h4 class=\"wp-block-heading\">P\u00ebrfundim<\/h4>\n\n\n\n<p>Teksa p\u00ebrparimet n\u00eb mjek\u00ebsi ofrojn\u00eb shpres\u00eb, sfidat mbeten t\u00eb m\u00ebdha. Alzheimeri \u00ebsht\u00eb nj\u00eb s\u00ebmundje q\u00eb k\u00ebrkon nj\u00eb qasje gjith\u00ebp\u00ebrfshir\u00ebse, q\u00eb p\u00ebrfshin k\u00ebrkimin, nd\u00ebrgjegj\u00ebsimin, politik\u00ebn dhe mb\u00ebshtetjen p\u00ebr kujdestar\u00ebt. N\u00eb k\u00ebt\u00eb luft\u00eb, \u00e7do hap i vog\u00ebl drejt zgjidhjes \u00ebsht\u00eb nj\u00eb hap i madh p\u00ebr njer\u00ebzimin.<\/p>\n\n\n\n<figure class=\"wp-block-image size-full is-style-default\"><img decoding=\"async\" width=\"1024\" height=\"1024\" src=\"https:\/\/pemaejetes.org.al\/wp-content\/uploads\/2024\/08\/12389d26-48f2-423f-a280-da9197ec77aa.webp\" alt=\"\" class=\"wp-image-1563\" srcset=\"http:\/\/pemaejetes.org.al\/wp-content\/uploads\/2024\/08\/12389d26-48f2-423f-a280-da9197ec77aa.webp 1024w, http:\/\/pemaejetes.org.al\/wp-content\/uploads\/2024\/08\/12389d26-48f2-423f-a280-da9197ec77aa-300x300.webp 300w, http:\/\/pemaejetes.org.al\/wp-content\/uploads\/2024\/08\/12389d26-48f2-423f-a280-da9197ec77aa-150x150.webp 150w, http:\/\/pemaejetes.org.al\/wp-content\/uploads\/2024\/08\/12389d26-48f2-423f-a280-da9197ec77aa-768x768.webp 768w\" sizes=\"(max-width: 1024px) 100vw, 1024px\" \/><\/figure>\n\n\n\n<p><strong>Fondacioni Pema e Jet\u00ebs<\/strong>&nbsp;mbetet i p\u00ebrkushtuar p\u00ebr t\u00eb mb\u00ebshtetur k\u00ebrkimin dhe nd\u00ebrgjegj\u00ebsimin p\u00ebr Alzheimerin, n\u00eb m\u00ebnyr\u00eb q\u00eb t\u00eb gjith\u00eb t\u00eb ken\u00eb mund\u00ebsin\u00eb t\u00eb jetojn\u00eb nj\u00eb jet\u00eb t\u00eb plot\u00eb dhe t\u00eb sh\u00ebndetshme.<\/p>\n\n\n\n<hr class=\"wp-block-separator has-alpha-channel-opacity\"\/>\n\n\n\n<p>Ky artikull \u00ebsht\u00eb shkruar p\u00ebr t\u00eb informuar dhe edukuar komunitetin ton\u00eb p\u00ebr \u00e7\u00ebshtjen e Alzheimerit dhe r\u00ebnd\u00ebsin\u00eb e kujdesit dhe nd\u00ebrgjegj\u00ebsimit n\u00eb p\u00ebrballimin e k\u00ebsaj s\u00ebmundjeje.<\/p>\n","protected":false},"excerpt":{"rendered":"<p>Nga Fondacioni Pema e Jet\u00ebs Alzheimeri \u00ebsht\u00eb nj\u00eb s\u00ebmundje neurodegjenerative q\u00eb prek miliona njer\u00ebz n\u00eb mbar\u00eb bot\u00ebn, duke shkat\u00ebrruar kujtimet, personalitetin dhe aft\u00ebsit\u00eb mendore t\u00eb pacient\u00ebve. Teksa popullsia globale vazhdon t\u00eb plaket, incidenca e k\u00ebsaj s\u00ebmundjeje \u00ebsht\u00eb n\u00eb rritje, duke e b\u00ebr\u00eb at\u00eb nj\u00eb nga sfidat m\u00eb t\u00eb m\u00ebdha t\u00eb sh\u00ebndetit publik t\u00eb shekullit ton\u00eb. [&hellip;]<\/p>\n","protected":false},"author":1,"featured_media":1562,"comment_status":"open","ping_status":"open","sticky":false,"template":"","format":"standard","meta":{"footnotes":""},"categories":[49,51],"tags":[],"class_list":["post-1561","post","type-post","status-publish","format-standard","has-post-thumbnail","hentry","category-semundjet-kronike","category-semundjet-neurologjike"],"acf":[],"yoast_head":"<!-- This site is optimized with the Yoast SEO plugin v22.6 - https:\/\/yoast.com\/wordpress\/plugins\/seo\/ -->\n<title>Lufta Kund\u00ebr Alzheimerit - Pema e Jetes<\/title>\n<meta name=\"robots\" content=\"index, follow, max-snippet:-1, max-image-preview:large, max-video-preview:-1\" \/>\n<link rel=\"canonical\" href=\"http:\/\/pemaejetes.org.al\/index.php\/2024\/08\/23\/lufta-kunder-alzheimerit\/\" \/>\n<meta property=\"og:locale\" content=\"en_US\" \/>\n<meta property=\"og:type\" content=\"article\" \/>\n<meta property=\"og:title\" content=\"Lufta Kund\u00ebr Alzheimerit - Pema e Jetes\" \/>\n<meta property=\"og:description\" content=\"Nga Fondacioni Pema e Jet\u00ebs Alzheimeri \u00ebsht\u00eb nj\u00eb s\u00ebmundje neurodegjenerative q\u00eb prek miliona njer\u00ebz n\u00eb mbar\u00eb bot\u00ebn, duke shkat\u00ebrruar kujtimet, personalitetin dhe aft\u00ebsit\u00eb mendore t\u00eb pacient\u00ebve. Teksa popullsia globale vazhdon t\u00eb plaket, incidenca e k\u00ebsaj s\u00ebmundjeje \u00ebsht\u00eb n\u00eb rritje, duke e b\u00ebr\u00eb at\u00eb nj\u00eb nga sfidat m\u00eb t\u00eb m\u00ebdha t\u00eb sh\u00ebndetit publik t\u00eb shekullit ton\u00eb. [&hellip;]\" \/>\n<meta property=\"og:url\" content=\"http:\/\/pemaejetes.org.al\/index.php\/2024\/08\/23\/lufta-kunder-alzheimerit\/\" \/>\n<meta property=\"og:site_name\" content=\"Pema e Jetes\" \/>\n<meta property=\"article:published_time\" content=\"2024-08-23T18:31:13+00:00\" \/>\n<meta property=\"article:modified_time\" content=\"2024-08-23T18:35:23+00:00\" \/>\n<meta property=\"og:image\" content=\"http:\/\/pemaejetes.org.al\/wp-content\/uploads\/2024\/08\/7c5df6f3-1507-4070-b3a5-d7c5d1085d3b.webp\" \/>\n\t<meta property=\"og:image:width\" content=\"1024\" \/>\n\t<meta property=\"og:image:height\" content=\"1024\" \/>\n\t<meta property=\"og:image:type\" content=\"image\/webp\" \/>\n<meta name=\"author\" content=\"admin\" \/>\n<meta name=\"twitter:card\" content=\"summary_large_image\" \/>\n<meta name=\"twitter:label1\" content=\"Written by\" \/>\n\t<meta name=\"twitter:data1\" content=\"admin\" \/>\n\t<meta name=\"twitter:label2\" content=\"Est. reading time\" \/>\n\t<meta name=\"twitter:data2\" content=\"4 minutes\" \/>\n<script type=\"application\/ld+json\" class=\"yoast-schema-graph\">{\"@context\":\"https:\/\/schema.org\",\"@graph\":[{\"@type\":\"Article\",\"@id\":\"http:\/\/pemaejetes.org.al\/index.php\/2024\/08\/23\/lufta-kunder-alzheimerit\/#article\",\"isPartOf\":{\"@id\":\"http:\/\/pemaejetes.org.al\/index.php\/2024\/08\/23\/lufta-kunder-alzheimerit\/\"},\"author\":{\"name\":\"admin\",\"@id\":\"https:\/\/pemaejetes.org.al\/#\/schema\/person\/044ffa35bfa54e8fafe50a9d73831425\"},\"headline\":\"Lufta Kund\u00ebr Alzheimerit\",\"datePublished\":\"2024-08-23T18:31:13+00:00\",\"dateModified\":\"2024-08-23T18:35:23+00:00\",\"mainEntityOfPage\":{\"@id\":\"http:\/\/pemaejetes.org.al\/index.php\/2024\/08\/23\/lufta-kunder-alzheimerit\/\"},\"wordCount\":806,\"commentCount\":0,\"publisher\":{\"@id\":\"https:\/\/pemaejetes.org.al\/#organization\"},\"image\":{\"@id\":\"http:\/\/pemaejetes.org.al\/index.php\/2024\/08\/23\/lufta-kunder-alzheimerit\/#primaryimage\"},\"thumbnailUrl\":\"http:\/\/pemaejetes.org.al\/wp-content\/uploads\/2024\/08\/7c5df6f3-1507-4070-b3a5-d7c5d1085d3b.webp\",\"articleSection\":[\"Semundjet Kronike\",\"Semundjet Neurologjike\"],\"inLanguage\":\"en-US\",\"potentialAction\":[{\"@type\":\"CommentAction\",\"name\":\"Comment\",\"target\":[\"http:\/\/pemaejetes.org.al\/index.php\/2024\/08\/23\/lufta-kunder-alzheimerit\/#respond\"]}]},{\"@type\":\"WebPage\",\"@id\":\"http:\/\/pemaejetes.org.al\/index.php\/2024\/08\/23\/lufta-kunder-alzheimerit\/\",\"url\":\"http:\/\/pemaejetes.org.al\/index.php\/2024\/08\/23\/lufta-kunder-alzheimerit\/\",\"name\":\"Lufta Kund\u00ebr Alzheimerit - Pema e Jetes\",\"isPartOf\":{\"@id\":\"https:\/\/pemaejetes.org.al\/#website\"},\"primaryImageOfPage\":{\"@id\":\"http:\/\/pemaejetes.org.al\/index.php\/2024\/08\/23\/lufta-kunder-alzheimerit\/#primaryimage\"},\"image\":{\"@id\":\"http:\/\/pemaejetes.org.al\/index.php\/2024\/08\/23\/lufta-kunder-alzheimerit\/#primaryimage\"},\"thumbnailUrl\":\"http:\/\/pemaejetes.org.al\/wp-content\/uploads\/2024\/08\/7c5df6f3-1507-4070-b3a5-d7c5d1085d3b.webp\",\"datePublished\":\"2024-08-23T18:31:13+00:00\",\"dateModified\":\"2024-08-23T18:35:23+00:00\",\"breadcrumb\":{\"@id\":\"http:\/\/pemaejetes.org.al\/index.php\/2024\/08\/23\/lufta-kunder-alzheimerit\/#breadcrumb\"},\"inLanguage\":\"en-US\",\"potentialAction\":[{\"@type\":\"ReadAction\",\"target\":[\"http:\/\/pemaejetes.org.al\/index.php\/2024\/08\/23\/lufta-kunder-alzheimerit\/\"]}]},{\"@type\":\"ImageObject\",\"inLanguage\":\"en-US\",\"@id\":\"http:\/\/pemaejetes.org.al\/index.php\/2024\/08\/23\/lufta-kunder-alzheimerit\/#primaryimage\",\"url\":\"http:\/\/pemaejetes.org.al\/wp-content\/uploads\/2024\/08\/7c5df6f3-1507-4070-b3a5-d7c5d1085d3b.webp\",\"contentUrl\":\"http:\/\/pemaejetes.org.al\/wp-content\/uploads\/2024\/08\/7c5df6f3-1507-4070-b3a5-d7c5d1085d3b.webp\",\"width\":1024,\"height\":1024},{\"@type\":\"BreadcrumbList\",\"@id\":\"http:\/\/pemaejetes.org.al\/index.php\/2024\/08\/23\/lufta-kunder-alzheimerit\/#breadcrumb\",\"itemListElement\":[{\"@type\":\"ListItem\",\"position\":1,\"name\":\"Home\",\"item\":\"https:\/\/pemaejetes.org.al\/\"},{\"@type\":\"ListItem\",\"position\":2,\"name\":\"Lufta Kund\u00ebr Alzheimerit\"}]},{\"@type\":\"WebSite\",\"@id\":\"https:\/\/pemaejetes.org.al\/#website\",\"url\":\"https:\/\/pemaejetes.org.al\/\",\"name\":\"Pema e Jetes\",\"description\":\"\",\"publisher\":{\"@id\":\"https:\/\/pemaejetes.org.al\/#organization\"},\"potentialAction\":[{\"@type\":\"SearchAction\",\"target\":{\"@type\":\"EntryPoint\",\"urlTemplate\":\"https:\/\/pemaejetes.org.al\/?s={search_term_string}\"},\"query-input\":\"required name=search_term_string\"}],\"inLanguage\":\"en-US\"},{\"@type\":\"Organization\",\"@id\":\"https:\/\/pemaejetes.org.al\/#organization\",\"name\":\"Pema e Jetes\",\"url\":\"https:\/\/pemaejetes.org.al\/\",\"logo\":{\"@type\":\"ImageObject\",\"inLanguage\":\"en-US\",\"@id\":\"https:\/\/pemaejetes.org.al\/#\/schema\/logo\/image\/\",\"url\":\"http:\/\/pemaejetes.org.al\/wp-content\/uploads\/2024\/04\/LOGO-Pema-e-Jetes-pdf_page-0002-e1712155546269.jpg\",\"contentUrl\":\"http:\/\/pemaejetes.org.al\/wp-content\/uploads\/2024\/04\/LOGO-Pema-e-Jetes-pdf_page-0002-e1712155546269.jpg\",\"width\":657,\"height\":610,\"caption\":\"Pema e Jetes\"},\"image\":{\"@id\":\"https:\/\/pemaejetes.org.al\/#\/schema\/logo\/image\/\"}},{\"@type\":\"Person\",\"@id\":\"https:\/\/pemaejetes.org.al\/#\/schema\/person\/044ffa35bfa54e8fafe50a9d73831425\",\"name\":\"admin\",\"image\":{\"@type\":\"ImageObject\",\"inLanguage\":\"en-US\",\"@id\":\"https:\/\/pemaejetes.org.al\/#\/schema\/person\/image\/\",\"url\":\"https:\/\/secure.gravatar.com\/avatar\/cfd35b1b293e114178a88e418b367fe9ac1d46d76353b6d70e2d79d9551648a9?s=96&d=mm&r=g\",\"contentUrl\":\"https:\/\/secure.gravatar.com\/avatar\/cfd35b1b293e114178a88e418b367fe9ac1d46d76353b6d70e2d79d9551648a9?s=96&d=mm&r=g\",\"caption\":\"admin\"},\"sameAs\":[\"https:\/\/pemaejetes.org.al\"],\"url\":\"http:\/\/pemaejetes.org.al\/index.php\/author\/admin\/\"}]}<\/script>\n<!-- \/ Yoast SEO plugin. -->","yoast_head_json":{"title":"Lufta Kund\u00ebr Alzheimerit - Pema e Jetes","robots":{"index":"index","follow":"follow","max-snippet":"max-snippet:-1","max-image-preview":"max-image-preview:large","max-video-preview":"max-video-preview:-1"},"canonical":"http:\/\/pemaejetes.org.al\/index.php\/2024\/08\/23\/lufta-kunder-alzheimerit\/","og_locale":"en_US","og_type":"article","og_title":"Lufta Kund\u00ebr Alzheimerit - Pema e Jetes","og_description":"Nga Fondacioni Pema e Jet\u00ebs Alzheimeri \u00ebsht\u00eb nj\u00eb s\u00ebmundje neurodegjenerative q\u00eb prek miliona njer\u00ebz n\u00eb mbar\u00eb bot\u00ebn, duke shkat\u00ebrruar kujtimet, personalitetin dhe aft\u00ebsit\u00eb mendore t\u00eb pacient\u00ebve. Teksa popullsia globale vazhdon t\u00eb plaket, incidenca e k\u00ebsaj s\u00ebmundjeje \u00ebsht\u00eb n\u00eb rritje, duke e b\u00ebr\u00eb at\u00eb nj\u00eb nga sfidat m\u00eb t\u00eb m\u00ebdha t\u00eb sh\u00ebndetit publik t\u00eb shekullit ton\u00eb. [&hellip;]","og_url":"http:\/\/pemaejetes.org.al\/index.php\/2024\/08\/23\/lufta-kunder-alzheimerit\/","og_site_name":"Pema e Jetes","article_published_time":"2024-08-23T18:31:13+00:00","article_modified_time":"2024-08-23T18:35:23+00:00","og_image":[{"width":1024,"height":1024,"url":"http:\/\/pemaejetes.org.al\/wp-content\/uploads\/2024\/08\/7c5df6f3-1507-4070-b3a5-d7c5d1085d3b.webp","type":"image\/webp"}],"author":"admin","twitter_card":"summary_large_image","twitter_misc":{"Written by":"admin","Est. reading time":"4 minutes"},"schema":{"@context":"https:\/\/schema.org","@graph":[{"@type":"Article","@id":"http:\/\/pemaejetes.org.al\/index.php\/2024\/08\/23\/lufta-kunder-alzheimerit\/#article","isPartOf":{"@id":"http:\/\/pemaejetes.org.al\/index.php\/2024\/08\/23\/lufta-kunder-alzheimerit\/"},"author":{"name":"admin","@id":"https:\/\/pemaejetes.org.al\/#\/schema\/person\/044ffa35bfa54e8fafe50a9d73831425"},"headline":"Lufta Kund\u00ebr Alzheimerit","datePublished":"2024-08-23T18:31:13+00:00","dateModified":"2024-08-23T18:35:23+00:00","mainEntityOfPage":{"@id":"http:\/\/pemaejetes.org.al\/index.php\/2024\/08\/23\/lufta-kunder-alzheimerit\/"},"wordCount":806,"commentCount":0,"publisher":{"@id":"https:\/\/pemaejetes.org.al\/#organization"},"image":{"@id":"http:\/\/pemaejetes.org.al\/index.php\/2024\/08\/23\/lufta-kunder-alzheimerit\/#primaryimage"},"thumbnailUrl":"http:\/\/pemaejetes.org.al\/wp-content\/uploads\/2024\/08\/7c5df6f3-1507-4070-b3a5-d7c5d1085d3b.webp","articleSection":["Semundjet Kronike","Semundjet Neurologjike"],"inLanguage":"en-US","potentialAction":[{"@type":"CommentAction","name":"Comment","target":["http:\/\/pemaejetes.org.al\/index.php\/2024\/08\/23\/lufta-kunder-alzheimerit\/#respond"]}]},{"@type":"WebPage","@id":"http:\/\/pemaejetes.org.al\/index.php\/2024\/08\/23\/lufta-kunder-alzheimerit\/","url":"http:\/\/pemaejetes.org.al\/index.php\/2024\/08\/23\/lufta-kunder-alzheimerit\/","name":"Lufta Kund\u00ebr Alzheimerit - Pema e Jetes","isPartOf":{"@id":"https:\/\/pemaejetes.org.al\/#website"},"primaryImageOfPage":{"@id":"http:\/\/pemaejetes.org.al\/index.php\/2024\/08\/23\/lufta-kunder-alzheimerit\/#primaryimage"},"image":{"@id":"http:\/\/pemaejetes.org.al\/index.php\/2024\/08\/23\/lufta-kunder-alzheimerit\/#primaryimage"},"thumbnailUrl":"http:\/\/pemaejetes.org.al\/wp-content\/uploads\/2024\/08\/7c5df6f3-1507-4070-b3a5-d7c5d1085d3b.webp","datePublished":"2024-08-23T18:31:13+00:00","dateModified":"2024-08-23T18:35:23+00:00","breadcrumb":{"@id":"http:\/\/pemaejetes.org.al\/index.php\/2024\/08\/23\/lufta-kunder-alzheimerit\/#breadcrumb"},"inLanguage":"en-US","potentialAction":[{"@type":"ReadAction","target":["http:\/\/pemaejetes.org.al\/index.php\/2024\/08\/23\/lufta-kunder-alzheimerit\/"]}]},{"@type":"ImageObject","inLanguage":"en-US","@id":"http:\/\/pemaejetes.org.al\/index.php\/2024\/08\/23\/lufta-kunder-alzheimerit\/#primaryimage","url":"http:\/\/pemaejetes.org.al\/wp-content\/uploads\/2024\/08\/7c5df6f3-1507-4070-b3a5-d7c5d1085d3b.webp","contentUrl":"http:\/\/pemaejetes.org.al\/wp-content\/uploads\/2024\/08\/7c5df6f3-1507-4070-b3a5-d7c5d1085d3b.webp","width":1024,"height":1024},{"@type":"BreadcrumbList","@id":"http:\/\/pemaejetes.org.al\/index.php\/2024\/08\/23\/lufta-kunder-alzheimerit\/#breadcrumb","itemListElement":[{"@type":"ListItem","position":1,"name":"Home","item":"https:\/\/pemaejetes.org.al\/"},{"@type":"ListItem","position":2,"name":"Lufta Kund\u00ebr Alzheimerit"}]},{"@type":"WebSite","@id":"https:\/\/pemaejetes.org.al\/#website","url":"https:\/\/pemaejetes.org.al\/","name":"Pema e Jetes","description":"","publisher":{"@id":"https:\/\/pemaejetes.org.al\/#organization"},"potentialAction":[{"@type":"SearchAction","target":{"@type":"EntryPoint","urlTemplate":"https:\/\/pemaejetes.org.al\/?s={search_term_string}"},"query-input":"required name=search_term_string"}],"inLanguage":"en-US"},{"@type":"Organization","@id":"https:\/\/pemaejetes.org.al\/#organization","name":"Pema e Jetes","url":"https:\/\/pemaejetes.org.al\/","logo":{"@type":"ImageObject","inLanguage":"en-US","@id":"https:\/\/pemaejetes.org.al\/#\/schema\/logo\/image\/","url":"http:\/\/pemaejetes.org.al\/wp-content\/uploads\/2024\/04\/LOGO-Pema-e-Jetes-pdf_page-0002-e1712155546269.jpg","contentUrl":"http:\/\/pemaejetes.org.al\/wp-content\/uploads\/2024\/04\/LOGO-Pema-e-Jetes-pdf_page-0002-e1712155546269.jpg","width":657,"height":610,"caption":"Pema e Jetes"},"image":{"@id":"https:\/\/pemaejetes.org.al\/#\/schema\/logo\/image\/"}},{"@type":"Person","@id":"https:\/\/pemaejetes.org.al\/#\/schema\/person\/044ffa35bfa54e8fafe50a9d73831425","name":"admin","image":{"@type":"ImageObject","inLanguage":"en-US","@id":"https:\/\/pemaejetes.org.al\/#\/schema\/person\/image\/","url":"https:\/\/secure.gravatar.com\/avatar\/cfd35b1b293e114178a88e418b367fe9ac1d46d76353b6d70e2d79d9551648a9?s=96&d=mm&r=g","contentUrl":"https:\/\/secure.gravatar.com\/avatar\/cfd35b1b293e114178a88e418b367fe9ac1d46d76353b6d70e2d79d9551648a9?s=96&d=mm&r=g","caption":"admin"},"sameAs":["https:\/\/pemaejetes.org.al"],"url":"http:\/\/pemaejetes.org.al\/index.php\/author\/admin\/"}]}},"_links":{"self":[{"href":"http:\/\/pemaejetes.org.al\/index.php\/wp-json\/wp\/v2\/posts\/1561","targetHints":{"allow":["GET"]}}],"collection":[{"href":"http:\/\/pemaejetes.org.al\/index.php\/wp-json\/wp\/v2\/posts"}],"about":[{"href":"http:\/\/pemaejetes.org.al\/index.php\/wp-json\/wp\/v2\/types\/post"}],"author":[{"embeddable":true,"href":"http:\/\/pemaejetes.org.al\/index.php\/wp-json\/wp\/v2\/users\/1"}],"replies":[{"embeddable":true,"href":"http:\/\/pemaejetes.org.al\/index.php\/wp-json\/wp\/v2\/comments?post=1561"}],"version-history":[{"count":1,"href":"http:\/\/pemaejetes.org.al\/index.php\/wp-json\/wp\/v2\/posts\/1561\/revisions"}],"predecessor-version":[{"id":1564,"href":"http:\/\/pemaejetes.org.al\/index.php\/wp-json\/wp\/v2\/posts\/1561\/revisions\/1564"}],"wp:featuredmedia":[{"embeddable":true,"href":"http:\/\/pemaejetes.org.al\/index.php\/wp-json\/wp\/v2\/media\/1562"}],"wp:attachment":[{"href":"http:\/\/pemaejetes.org.al\/index.php\/wp-json\/wp\/v2\/media?parent=1561"}],"wp:term":[{"taxonomy":"category","embeddable":true,"href":"http:\/\/pemaejetes.org.al\/index.php\/wp-json\/wp\/v2\/categories?post=1561"},{"taxonomy":"post_tag","embeddable":true,"href":"http:\/\/pemaejetes.org.al\/index.php\/wp-json\/wp\/v2\/tags?post=1561"}],"curies":[{"name":"wp","href":"https:\/\/api.w.org\/{rel}","templated":true}]}}