{"id":1176,"date":"2024-05-10T22:38:29","date_gmt":"2024-05-10T22:38:29","guid":{"rendered":"https:\/\/pemaejetes.org.al\/?p=1176"},"modified":"2024-05-10T22:38:30","modified_gmt":"2024-05-10T22:38:30","slug":"formohet-rrjeti-i-organizatave-te-tiranes-the-network-of-organizations-in-tirana-is-formed","status":"publish","type":"post","link":"http:\/\/pemaejetes.org.al\/index.php\/2024\/05\/10\/formohet-rrjeti-i-organizatave-te-tiranes-the-network-of-organizations-in-tirana-is-formed\/","title":{"rendered":"Formohet rrjeti i Organizatave te Tiranes \/ The network of organizations in Tirana is formed"},"content":{"rendered":"\n<p><\/p>\n\n\n\n<p>Fondacioni &#8220;Pema e Jetes&#8221; merr pjes\u00eb n\u00eb finalizimin e projektit &#8220;SOCIETIES 2&#8221;, nj\u00eb projekt i organizuar nga <a href=\"https:\/\/www.facebook.com\/hashtag\/caritas?__eep__=6&amp;__cft__[0]=AZVc5pjxv3AI4BhaGxacmdhujPEN1ddsaf-fynH3uIF-pnWmPN61N7hzsU8Wm1SH3LbpuSIP1MFmL3d1tIvbngAlLeBkn9_uYqMya4FuL8qukY-4H53Qrbgpt9mPUdSoz5T-K5e4v-TGGF8j-UgaOQtHE5nYTuTmNkW_edXdjPfVgmErWHvjMT344Ogl99XqjdW9AmxC4qHPTnXLpTDV0gqJ&amp;__tn__=*NK-R\">#caritas<\/a>. N\u00eb k\u00ebt\u00eb takim mor\u00ebn pjes\u00eb nga Fondacioni Znj. <a href=\"https:\/\/www.facebook.com\/endiza.dema?__cft__[0]=AZVc5pjxv3AI4BhaGxacmdhujPEN1ddsaf-fynH3uIF-pnWmPN61N7hzsU8Wm1SH3LbpuSIP1MFmL3d1tIvbngAlLeBkn9_uYqMya4FuL8qukY-4H53Qrbgpt9mPUdSoz5T-K5e4v-TGGF8j-UgaOQtHE5nYTuTmNkW_edXdjPfVgmErWHvjMT344Ogl99XqjdW9AmxC4qHPTnXLpTDV0gqJ&amp;__tn__=-]K-R\">Endiza Dizdari Dema<\/a> dhe Z.Tanush Caush Fuqizimi i rolit te organizatave dhe bashk\u00ebpunimi midis tyre dhe shk\u00ebmbimi i eksperiencave ishin disa nga pikat ky\u00e7e te ketik projekti.<\/p>\n\n\n\n<p>Arritja m\u00eb e madhe ishte pik\u00ebrisht formimi i <a><\/a>rrjetit te organizatave per aft\u00ebsin\u00eb e kufizuar p\u00ebr Tiran\u00ebn. <a href=\"https:\/\/www.facebook.com\/Fondacionipemaejetes?__cft__[0]=AZVc5pjxv3AI4BhaGxacmdhujPEN1ddsaf-fynH3uIF-pnWmPN61N7hzsU8Wm1SH3LbpuSIP1MFmL3d1tIvbngAlLeBkn9_uYqMya4FuL8qukY-4H53Qrbgpt9mPUdSoz5T-K5e4v-TGGF8j-UgaOQtHE5nYTuTmNkW_edXdjPfVgmErWHvjMT344Ogl99XqjdW9AmxC4qHPTnXLpTDV0gqJ&amp;__tn__=-]K-R\">Fondacioni &#8220;Pema e Jetes&#8221;<\/a> mbeshtet fuqish\u00ebm k\u00ebt\u00eb nism\u00eb.<\/p>\n\n\n\n<p>T\u00eb gjith\u00eb bashk\u00eb mundemi<img decoding=\"async\" height=\"16\" width=\"16\" alt=\"\ud83d\ude4f\" src=\"https:\/\/static.xx.fbcdn.net\/images\/emoji.php\/v9\/t80\/1\/16\/1f64f.png\"><\/p>\n\n\n\n<p>The network of organizations in Tirana is formed.<\/p>\n\n\n\n<p>The &#8220;Tree of Life&#8221; Foundation participates in the finalization of the &#8220;SOCIETIES 2&#8221; project, organized by <a href=\"https:\/\/www.facebook.com\/hashtag\/caritas?__eep__=6&amp;__cft__[0]=AZVc5pjxv3AI4BhaGxacmdhujPEN1ddsaf-fynH3uIF-pnWmPN61N7hzsU8Wm1SH3LbpuSIP1MFmL3d1tIvbngAlLeBkn9_uYqMya4FuL8qukY-4H53Qrbgpt9mPUdSoz5T-K5e4v-TGGF8j-UgaOQtHE5nYTuTmNkW_edXdjPfVgmErWHvjMT344Ogl99XqjdW9AmxC4qHPTnXLpTDV0gqJ&amp;__tn__=*NK-R\">#caritas<\/a>. At this meeting, representatives from the &#8220;Tree of Life&#8221; Foundation, Mrs. Endiza Dizdari Dema and Mr. Tanush Caush, emphasized the empowerment of the role of organizations, cooperation among them, and exchange of experiences as key points of this project. The major achievement was the establishment of a network of organizations for people with disabilities in Tirana. The &#8220;Tree of Life&#8221; Foundation strongly supports this initiative. Togethe we can<img decoding=\"async\" height=\"16\" width=\"16\" src=\"https:\/\/static.xx.fbcdn.net\/images\/emoji.php\/v9\/t80\/1\/16\/1f64f.png\" alt=\"\ud83d\ude4f\"><\/p>\n\n\n\n<figure class=\"wp-block-image size-large is-resized\"><img fetchpriority=\"high\" decoding=\"async\" width=\"498\" height=\"1024\" src=\"http:\/\/pemaejetes.org.al\/wp-content\/uploads\/2024\/05\/8-498x1024.jpg\" alt=\"\" class=\"wp-image-1177\" style=\"width:232px;height:auto\" srcset=\"http:\/\/pemaejetes.org.al\/wp-content\/uploads\/2024\/05\/8-498x1024.jpg 498w, http:\/\/pemaejetes.org.al\/wp-content\/uploads\/2024\/05\/8-146x300.jpg 146w, http:\/\/pemaejetes.org.al\/wp-content\/uploads\/2024\/05\/8-768x1579.jpg 768w, http:\/\/pemaejetes.org.al\/wp-content\/uploads\/2024\/05\/8-747x1536.jpg 747w, http:\/\/pemaejetes.org.al\/wp-content\/uploads\/2024\/05\/8.jpg 996w\" sizes=\"(max-width: 498px) 100vw, 498px\" \/><\/figure>\n\n\n\n<figure class=\"wp-block-image size-large is-resized\"><img loading=\"lazy\" decoding=\"async\" width=\"498\" height=\"1024\" src=\"http:\/\/pemaejetes.org.al\/wp-content\/uploads\/2024\/05\/9-1-498x1024.jpg\" alt=\"\" class=\"wp-image-1182\" style=\"width:253px;height:auto\" srcset=\"http:\/\/pemaejetes.org.al\/wp-content\/uploads\/2024\/05\/9-1-498x1024.jpg 498w, http:\/\/pemaejetes.org.al\/wp-content\/uploads\/2024\/05\/9-1-146x300.jpg 146w, http:\/\/pemaejetes.org.al\/wp-content\/uploads\/2024\/05\/9-1-768x1579.jpg 768w, http:\/\/pemaejetes.org.al\/wp-content\/uploads\/2024\/05\/9-1-747x1536.jpg 747w, http:\/\/pemaejetes.org.al\/wp-content\/uploads\/2024\/05\/9-1.jpg 996w\" sizes=\"(max-width: 498px) 100vw, 498px\" \/><\/figure>\n","protected":false},"excerpt":{"rendered":"<p>Fondacioni &#8220;Pema e Jetes&#8221; merr pjes\u00eb n\u00eb finalizimin e projektit &#8220;SOCIETIES 2&#8221;, nj\u00eb projekt i organizuar nga #caritas. N\u00eb k\u00ebt\u00eb takim mor\u00ebn pjes\u00eb nga Fondacioni Znj. Endiza Dizdari Dema dhe Z.Tanush Caush Fuqizimi i rolit te organizatave dhe bashk\u00ebpunimi midis tyre dhe shk\u00ebmbimi i eksperiencave ishin disa nga pikat ky\u00e7e te ketik projekti. Arritja m\u00eb [&hellip;]<\/p>\n","protected":false},"author":2,"featured_media":1180,"comment_status":"open","ping_status":"open","sticky":true,"template":"","format":"standard","meta":{"footnotes":""},"categories":[8,26],"tags":[],"class_list":["post-1176","post","type-post","status-publish","format-standard","has-post-thumbnail","hentry","category-aktivitete","category-evente"],"acf":[],"yoast_head":"<!-- This site is optimized with the Yoast SEO plugin v22.6 - https:\/\/yoast.com\/wordpress\/plugins\/seo\/ -->\n<title>Formohet rrjeti i Organizatave te Tiranes \/ The network of organizations in Tirana is formed - Pema e Jetes<\/title>\n<meta name=\"robots\" content=\"index, follow, max-snippet:-1, max-image-preview:large, max-video-preview:-1\" \/>\n<link rel=\"canonical\" href=\"http:\/\/pemaejetes.org.al\/index.php\/2024\/05\/10\/formohet-rrjeti-i-organizatave-te-tiranes-the-network-of-organizations-in-tirana-is-formed\/\" \/>\n<meta property=\"og:locale\" content=\"en_US\" \/>\n<meta property=\"og:type\" content=\"article\" \/>\n<meta property=\"og:title\" content=\"Formohet rrjeti i Organizatave te Tiranes \/ The network of organizations in Tirana is formed - Pema e Jetes\" \/>\n<meta property=\"og:description\" content=\"Fondacioni &#8220;Pema e Jetes&#8221; merr pjes\u00eb n\u00eb finalizimin e projektit &#8220;SOCIETIES 2&#8221;, nj\u00eb projekt i organizuar nga #caritas. N\u00eb k\u00ebt\u00eb takim mor\u00ebn pjes\u00eb nga Fondacioni Znj. Endiza Dizdari Dema dhe Z.Tanush Caush Fuqizimi i rolit te organizatave dhe bashk\u00ebpunimi midis tyre dhe shk\u00ebmbimi i eksperiencave ishin disa nga pikat ky\u00e7e te ketik projekti. Arritja m\u00eb [&hellip;]\" \/>\n<meta property=\"og:url\" content=\"http:\/\/pemaejetes.org.al\/index.php\/2024\/05\/10\/formohet-rrjeti-i-organizatave-te-tiranes-the-network-of-organizations-in-tirana-is-formed\/\" \/>\n<meta property=\"og:site_name\" content=\"Pema e Jetes\" \/>\n<meta property=\"article:published_time\" content=\"2024-05-10T22:38:29+00:00\" \/>\n<meta property=\"article:modified_time\" content=\"2024-05-10T22:38:30+00:00\" \/>\n<meta property=\"og:image\" content=\"http:\/\/pemaejetes.org.al\/wp-content\/uploads\/2024\/05\/9.jpg\" \/>\n\t<meta property=\"og:image:width\" content=\"996\" \/>\n\t<meta property=\"og:image:height\" content=\"2048\" \/>\n\t<meta property=\"og:image:type\" content=\"image\/jpeg\" \/>\n<meta name=\"author\" content=\"tanush\" \/>\n<meta name=\"twitter:card\" content=\"summary_large_image\" \/>\n<meta name=\"twitter:label1\" content=\"Written by\" \/>\n\t<meta name=\"twitter:data1\" content=\"tanush\" \/>\n\t<meta name=\"twitter:label2\" content=\"Est. reading time\" \/>\n\t<meta name=\"twitter:data2\" content=\"2 minutes\" \/>\n<script type=\"application\/ld+json\" class=\"yoast-schema-graph\">{\"@context\":\"https:\/\/schema.org\",\"@graph\":[{\"@type\":\"Article\",\"@id\":\"http:\/\/pemaejetes.org.al\/index.php\/2024\/05\/10\/formohet-rrjeti-i-organizatave-te-tiranes-the-network-of-organizations-in-tirana-is-formed\/#article\",\"isPartOf\":{\"@id\":\"http:\/\/pemaejetes.org.al\/index.php\/2024\/05\/10\/formohet-rrjeti-i-organizatave-te-tiranes-the-network-of-organizations-in-tirana-is-formed\/\"},\"author\":{\"name\":\"tanush\",\"@id\":\"https:\/\/pemaejetes.org.al\/#\/schema\/person\/f43267b87a28efb96abe2bc4fb24765f\"},\"headline\":\"Formohet rrjeti i Organizatave te Tiranes \/ The network of organizations in Tirana is formed\",\"datePublished\":\"2024-05-10T22:38:29+00:00\",\"dateModified\":\"2024-05-10T22:38:30+00:00\",\"mainEntityOfPage\":{\"@id\":\"http:\/\/pemaejetes.org.al\/index.php\/2024\/05\/10\/formohet-rrjeti-i-organizatave-te-tiranes-the-network-of-organizations-in-tirana-is-formed\/\"},\"wordCount\":199,\"commentCount\":0,\"publisher\":{\"@id\":\"https:\/\/pemaejetes.org.al\/#organization\"},\"image\":{\"@id\":\"http:\/\/pemaejetes.org.al\/index.php\/2024\/05\/10\/formohet-rrjeti-i-organizatave-te-tiranes-the-network-of-organizations-in-tirana-is-formed\/#primaryimage\"},\"thumbnailUrl\":\"http:\/\/pemaejetes.org.al\/wp-content\/uploads\/2024\/05\/9.jpg\",\"articleSection\":[\"Aktivitete\",\"Evente\"],\"inLanguage\":\"en-US\",\"potentialAction\":[{\"@type\":\"CommentAction\",\"name\":\"Comment\",\"target\":[\"http:\/\/pemaejetes.org.al\/index.php\/2024\/05\/10\/formohet-rrjeti-i-organizatave-te-tiranes-the-network-of-organizations-in-tirana-is-formed\/#respond\"]}]},{\"@type\":\"WebPage\",\"@id\":\"http:\/\/pemaejetes.org.al\/index.php\/2024\/05\/10\/formohet-rrjeti-i-organizatave-te-tiranes-the-network-of-organizations-in-tirana-is-formed\/\",\"url\":\"http:\/\/pemaejetes.org.al\/index.php\/2024\/05\/10\/formohet-rrjeti-i-organizatave-te-tiranes-the-network-of-organizations-in-tirana-is-formed\/\",\"name\":\"Formohet rrjeti i Organizatave te Tiranes \/ The network of organizations in Tirana is formed - Pema e Jetes\",\"isPartOf\":{\"@id\":\"https:\/\/pemaejetes.org.al\/#website\"},\"primaryImageOfPage\":{\"@id\":\"http:\/\/pemaejetes.org.al\/index.php\/2024\/05\/10\/formohet-rrjeti-i-organizatave-te-tiranes-the-network-of-organizations-in-tirana-is-formed\/#primaryimage\"},\"image\":{\"@id\":\"http:\/\/pemaejetes.org.al\/index.php\/2024\/05\/10\/formohet-rrjeti-i-organizatave-te-tiranes-the-network-of-organizations-in-tirana-is-formed\/#primaryimage\"},\"thumbnailUrl\":\"http:\/\/pemaejetes.org.al\/wp-content\/uploads\/2024\/05\/9.jpg\",\"datePublished\":\"2024-05-10T22:38:29+00:00\",\"dateModified\":\"2024-05-10T22:38:30+00:00\",\"breadcrumb\":{\"@id\":\"http:\/\/pemaejetes.org.al\/index.php\/2024\/05\/10\/formohet-rrjeti-i-organizatave-te-tiranes-the-network-of-organizations-in-tirana-is-formed\/#breadcrumb\"},\"inLanguage\":\"en-US\",\"potentialAction\":[{\"@type\":\"ReadAction\",\"target\":[\"http:\/\/pemaejetes.org.al\/index.php\/2024\/05\/10\/formohet-rrjeti-i-organizatave-te-tiranes-the-network-of-organizations-in-tirana-is-formed\/\"]}]},{\"@type\":\"ImageObject\",\"inLanguage\":\"en-US\",\"@id\":\"http:\/\/pemaejetes.org.al\/index.php\/2024\/05\/10\/formohet-rrjeti-i-organizatave-te-tiranes-the-network-of-organizations-in-tirana-is-formed\/#primaryimage\",\"url\":\"http:\/\/pemaejetes.org.al\/wp-content\/uploads\/2024\/05\/9.jpg\",\"contentUrl\":\"http:\/\/pemaejetes.org.al\/wp-content\/uploads\/2024\/05\/9.jpg\",\"width\":996,\"height\":2048},{\"@type\":\"BreadcrumbList\",\"@id\":\"http:\/\/pemaejetes.org.al\/index.php\/2024\/05\/10\/formohet-rrjeti-i-organizatave-te-tiranes-the-network-of-organizations-in-tirana-is-formed\/#breadcrumb\",\"itemListElement\":[{\"@type\":\"ListItem\",\"position\":1,\"name\":\"Home\",\"item\":\"https:\/\/pemaejetes.org.al\/\"},{\"@type\":\"ListItem\",\"position\":2,\"name\":\"Formohet rrjeti i Organizatave te Tiranes \/ The network of organizations in Tirana is formed\"}]},{\"@type\":\"WebSite\",\"@id\":\"https:\/\/pemaejetes.org.al\/#website\",\"url\":\"https:\/\/pemaejetes.org.al\/\",\"name\":\"Pema e Jetes\",\"description\":\"\",\"publisher\":{\"@id\":\"https:\/\/pemaejetes.org.al\/#organization\"},\"potentialAction\":[{\"@type\":\"SearchAction\",\"target\":{\"@type\":\"EntryPoint\",\"urlTemplate\":\"https:\/\/pemaejetes.org.al\/?s={search_term_string}\"},\"query-input\":\"required name=search_term_string\"}],\"inLanguage\":\"en-US\"},{\"@type\":\"Organization\",\"@id\":\"https:\/\/pemaejetes.org.al\/#organization\",\"name\":\"Pema e Jetes\",\"url\":\"https:\/\/pemaejetes.org.al\/\",\"logo\":{\"@type\":\"ImageObject\",\"inLanguage\":\"en-US\",\"@id\":\"https:\/\/pemaejetes.org.al\/#\/schema\/logo\/image\/\",\"url\":\"http:\/\/pemaejetes.org.al\/wp-content\/uploads\/2024\/04\/LOGO-Pema-e-Jetes-pdf_page-0002-e1712155546269.jpg\",\"contentUrl\":\"http:\/\/pemaejetes.org.al\/wp-content\/uploads\/2024\/04\/LOGO-Pema-e-Jetes-pdf_page-0002-e1712155546269.jpg\",\"width\":657,\"height\":610,\"caption\":\"Pema e Jetes\"},\"image\":{\"@id\":\"https:\/\/pemaejetes.org.al\/#\/schema\/logo\/image\/\"}},{\"@type\":\"Person\",\"@id\":\"https:\/\/pemaejetes.org.al\/#\/schema\/person\/f43267b87a28efb96abe2bc4fb24765f\",\"name\":\"tanush\",\"image\":{\"@type\":\"ImageObject\",\"inLanguage\":\"en-US\",\"@id\":\"https:\/\/pemaejetes.org.al\/#\/schema\/person\/image\/\",\"url\":\"https:\/\/secure.gravatar.com\/avatar\/cfff3955b0540a7ed2610199edb9af73346f24ea7da14acd540360d8502797ce?s=96&d=mm&r=g\",\"contentUrl\":\"https:\/\/secure.gravatar.com\/avatar\/cfff3955b0540a7ed2610199edb9af73346f24ea7da14acd540360d8502797ce?s=96&d=mm&r=g\",\"caption\":\"tanush\"},\"url\":\"http:\/\/pemaejetes.org.al\/index.php\/author\/tanush\/\"}]}<\/script>\n<!-- \/ Yoast SEO plugin. -->","yoast_head_json":{"title":"Formohet rrjeti i Organizatave te Tiranes \/ The network of organizations in Tirana is formed - Pema e Jetes","robots":{"index":"index","follow":"follow","max-snippet":"max-snippet:-1","max-image-preview":"max-image-preview:large","max-video-preview":"max-video-preview:-1"},"canonical":"http:\/\/pemaejetes.org.al\/index.php\/2024\/05\/10\/formohet-rrjeti-i-organizatave-te-tiranes-the-network-of-organizations-in-tirana-is-formed\/","og_locale":"en_US","og_type":"article","og_title":"Formohet rrjeti i Organizatave te Tiranes \/ The network of organizations in Tirana is formed - Pema e Jetes","og_description":"Fondacioni &#8220;Pema e Jetes&#8221; merr pjes\u00eb n\u00eb finalizimin e projektit &#8220;SOCIETIES 2&#8221;, nj\u00eb projekt i organizuar nga #caritas. N\u00eb k\u00ebt\u00eb takim mor\u00ebn pjes\u00eb nga Fondacioni Znj. Endiza Dizdari Dema dhe Z.Tanush Caush Fuqizimi i rolit te organizatave dhe bashk\u00ebpunimi midis tyre dhe shk\u00ebmbimi i eksperiencave ishin disa nga pikat ky\u00e7e te ketik projekti. Arritja m\u00eb [&hellip;]","og_url":"http:\/\/pemaejetes.org.al\/index.php\/2024\/05\/10\/formohet-rrjeti-i-organizatave-te-tiranes-the-network-of-organizations-in-tirana-is-formed\/","og_site_name":"Pema e Jetes","article_published_time":"2024-05-10T22:38:29+00:00","article_modified_time":"2024-05-10T22:38:30+00:00","og_image":[{"width":996,"height":2048,"url":"http:\/\/pemaejetes.org.al\/wp-content\/uploads\/2024\/05\/9.jpg","type":"image\/jpeg"}],"author":"tanush","twitter_card":"summary_large_image","twitter_misc":{"Written by":"tanush","Est. reading time":"2 minutes"},"schema":{"@context":"https:\/\/schema.org","@graph":[{"@type":"Article","@id":"http:\/\/pemaejetes.org.al\/index.php\/2024\/05\/10\/formohet-rrjeti-i-organizatave-te-tiranes-the-network-of-organizations-in-tirana-is-formed\/#article","isPartOf":{"@id":"http:\/\/pemaejetes.org.al\/index.php\/2024\/05\/10\/formohet-rrjeti-i-organizatave-te-tiranes-the-network-of-organizations-in-tirana-is-formed\/"},"author":{"name":"tanush","@id":"https:\/\/pemaejetes.org.al\/#\/schema\/person\/f43267b87a28efb96abe2bc4fb24765f"},"headline":"Formohet rrjeti i Organizatave te Tiranes \/ The network of organizations in Tirana is formed","datePublished":"2024-05-10T22:38:29+00:00","dateModified":"2024-05-10T22:38:30+00:00","mainEntityOfPage":{"@id":"http:\/\/pemaejetes.org.al\/index.php\/2024\/05\/10\/formohet-rrjeti-i-organizatave-te-tiranes-the-network-of-organizations-in-tirana-is-formed\/"},"wordCount":199,"commentCount":0,"publisher":{"@id":"https:\/\/pemaejetes.org.al\/#organization"},"image":{"@id":"http:\/\/pemaejetes.org.al\/index.php\/2024\/05\/10\/formohet-rrjeti-i-organizatave-te-tiranes-the-network-of-organizations-in-tirana-is-formed\/#primaryimage"},"thumbnailUrl":"http:\/\/pemaejetes.org.al\/wp-content\/uploads\/2024\/05\/9.jpg","articleSection":["Aktivitete","Evente"],"inLanguage":"en-US","potentialAction":[{"@type":"CommentAction","name":"Comment","target":["http:\/\/pemaejetes.org.al\/index.php\/2024\/05\/10\/formohet-rrjeti-i-organizatave-te-tiranes-the-network-of-organizations-in-tirana-is-formed\/#respond"]}]},{"@type":"WebPage","@id":"http:\/\/pemaejetes.org.al\/index.php\/2024\/05\/10\/formohet-rrjeti-i-organizatave-te-tiranes-the-network-of-organizations-in-tirana-is-formed\/","url":"http:\/\/pemaejetes.org.al\/index.php\/2024\/05\/10\/formohet-rrjeti-i-organizatave-te-tiranes-the-network-of-organizations-in-tirana-is-formed\/","name":"Formohet rrjeti i Organizatave te Tiranes \/ The network of organizations in Tirana is formed - Pema e Jetes","isPartOf":{"@id":"https:\/\/pemaejetes.org.al\/#website"},"primaryImageOfPage":{"@id":"http:\/\/pemaejetes.org.al\/index.php\/2024\/05\/10\/formohet-rrjeti-i-organizatave-te-tiranes-the-network-of-organizations-in-tirana-is-formed\/#primaryimage"},"image":{"@id":"http:\/\/pemaejetes.org.al\/index.php\/2024\/05\/10\/formohet-rrjeti-i-organizatave-te-tiranes-the-network-of-organizations-in-tirana-is-formed\/#primaryimage"},"thumbnailUrl":"http:\/\/pemaejetes.org.al\/wp-content\/uploads\/2024\/05\/9.jpg","datePublished":"2024-05-10T22:38:29+00:00","dateModified":"2024-05-10T22:38:30+00:00","breadcrumb":{"@id":"http:\/\/pemaejetes.org.al\/index.php\/2024\/05\/10\/formohet-rrjeti-i-organizatave-te-tiranes-the-network-of-organizations-in-tirana-is-formed\/#breadcrumb"},"inLanguage":"en-US","potentialAction":[{"@type":"ReadAction","target":["http:\/\/pemaejetes.org.al\/index.php\/2024\/05\/10\/formohet-rrjeti-i-organizatave-te-tiranes-the-network-of-organizations-in-tirana-is-formed\/"]}]},{"@type":"ImageObject","inLanguage":"en-US","@id":"http:\/\/pemaejetes.org.al\/index.php\/2024\/05\/10\/formohet-rrjeti-i-organizatave-te-tiranes-the-network-of-organizations-in-tirana-is-formed\/#primaryimage","url":"http:\/\/pemaejetes.org.al\/wp-content\/uploads\/2024\/05\/9.jpg","contentUrl":"http:\/\/pemaejetes.org.al\/wp-content\/uploads\/2024\/05\/9.jpg","width":996,"height":2048},{"@type":"BreadcrumbList","@id":"http:\/\/pemaejetes.org.al\/index.php\/2024\/05\/10\/formohet-rrjeti-i-organizatave-te-tiranes-the-network-of-organizations-in-tirana-is-formed\/#breadcrumb","itemListElement":[{"@type":"ListItem","position":1,"name":"Home","item":"https:\/\/pemaejetes.org.al\/"},{"@type":"ListItem","position":2,"name":"Formohet rrjeti i Organizatave te Tiranes \/ The network of organizations in Tirana is formed"}]},{"@type":"WebSite","@id":"https:\/\/pemaejetes.org.al\/#website","url":"https:\/\/pemaejetes.org.al\/","name":"Pema e Jetes","description":"","publisher":{"@id":"https:\/\/pemaejetes.org.al\/#organization"},"potentialAction":[{"@type":"SearchAction","target":{"@type":"EntryPoint","urlTemplate":"https:\/\/pemaejetes.org.al\/?s={search_term_string}"},"query-input":"required name=search_term_string"}],"inLanguage":"en-US"},{"@type":"Organization","@id":"https:\/\/pemaejetes.org.al\/#organization","name":"Pema e Jetes","url":"https:\/\/pemaejetes.org.al\/","logo":{"@type":"ImageObject","inLanguage":"en-US","@id":"https:\/\/pemaejetes.org.al\/#\/schema\/logo\/image\/","url":"http:\/\/pemaejetes.org.al\/wp-content\/uploads\/2024\/04\/LOGO-Pema-e-Jetes-pdf_page-0002-e1712155546269.jpg","contentUrl":"http:\/\/pemaejetes.org.al\/wp-content\/uploads\/2024\/04\/LOGO-Pema-e-Jetes-pdf_page-0002-e1712155546269.jpg","width":657,"height":610,"caption":"Pema e Jetes"},"image":{"@id":"https:\/\/pemaejetes.org.al\/#\/schema\/logo\/image\/"}},{"@type":"Person","@id":"https:\/\/pemaejetes.org.al\/#\/schema\/person\/f43267b87a28efb96abe2bc4fb24765f","name":"tanush","image":{"@type":"ImageObject","inLanguage":"en-US","@id":"https:\/\/pemaejetes.org.al\/#\/schema\/person\/image\/","url":"https:\/\/secure.gravatar.com\/avatar\/cfff3955b0540a7ed2610199edb9af73346f24ea7da14acd540360d8502797ce?s=96&d=mm&r=g","contentUrl":"https:\/\/secure.gravatar.com\/avatar\/cfff3955b0540a7ed2610199edb9af73346f24ea7da14acd540360d8502797ce?s=96&d=mm&r=g","caption":"tanush"},"url":"http:\/\/pemaejetes.org.al\/index.php\/author\/tanush\/"}]}},"_links":{"self":[{"href":"http:\/\/pemaejetes.org.al\/index.php\/wp-json\/wp\/v2\/posts\/1176","targetHints":{"allow":["GET"]}}],"collection":[{"href":"http:\/\/pemaejetes.org.al\/index.php\/wp-json\/wp\/v2\/posts"}],"about":[{"href":"http:\/\/pemaejetes.org.al\/index.php\/wp-json\/wp\/v2\/types\/post"}],"author":[{"embeddable":true,"href":"http:\/\/pemaejetes.org.al\/index.php\/wp-json\/wp\/v2\/users\/2"}],"replies":[{"embeddable":true,"href":"http:\/\/pemaejetes.org.al\/index.php\/wp-json\/wp\/v2\/comments?post=1176"}],"version-history":[{"count":1,"href":"http:\/\/pemaejetes.org.al\/index.php\/wp-json\/wp\/v2\/posts\/1176\/revisions"}],"predecessor-version":[{"id":1183,"href":"http:\/\/pemaejetes.org.al\/index.php\/wp-json\/wp\/v2\/posts\/1176\/revisions\/1183"}],"wp:featuredmedia":[{"embeddable":true,"href":"http:\/\/pemaejetes.org.al\/index.php\/wp-json\/wp\/v2\/media\/1180"}],"wp:attachment":[{"href":"http:\/\/pemaejetes.org.al\/index.php\/wp-json\/wp\/v2\/media?parent=1176"}],"wp:term":[{"taxonomy":"category","embeddable":true,"href":"http:\/\/pemaejetes.org.al\/index.php\/wp-json\/wp\/v2\/categories?post=1176"},{"taxonomy":"post_tag","embeddable":true,"href":"http:\/\/pemaejetes.org.al\/index.php\/wp-json\/wp\/v2\/tags?post=1176"}],"curies":[{"name":"wp","href":"https:\/\/api.w.org\/{rel}","templated":true}]}}